{"id":9320,"date":"2022-03-13T12:02:31","date_gmt":"2022-03-13T12:02:31","guid":{"rendered":"https:\/\/acimga.it\/?p=9320"},"modified":"2022-03-14T11:11:54","modified_gmt":"2022-03-14T11:11:54","slug":"23-marzo-circular-economy-summit","status":"publish","type":"post","link":"https:\/\/acimga.it\/it\/23-marzo-circular-economy-summit\/","title":{"rendered":"23 MARZO &#8211;  CIRCULAR ECONOMY SUMMIT"},"content":{"rendered":"<div class=\"gtp-news-header gtp-master\">\n<div class=\"gtp-news-paragraph gtp-master\">\n<section class=\"text-block\">\n<div class=\"text-block-body\">\n<h3><b>Intelligenza Artificiale e modelli di Economia Circolare: verso un ecosistema industriale rigenerativo<\/b><\/h3>\n<h3><b>Digital event &#8211; <\/b><b>23 marzo 2022 \u2013 9.30-13.30\u00a0<\/b><\/h3>\n<p>L&#8217;economia circolare \u00e8 il quadro concettuale all\u2019interno del quale si inserisce il tema dello sviluppo sostenibile. <strong>Il Circular Economy Summit offre, in questa edizione, un approfondimento sulla interazione tra due grandi trend emergenti &#8211; Intelligenza Artificiale ed Economia Circolare &#8211; e su come l\u2019IA rappresenti il pi\u00f9 potente boost per accelerare la transizione verso un nuovo modello di produzione e consumo.<\/strong><\/p>\n<p>Nel percorso verso l\u2019appuntamento fieristico del prossimo maggio, <strong>i partner di The Innovation Alliance, in collaborazione con Fiera Milano, organizzano un Summit Internazionale, rivolto agli stakeholder di tutti i settori industriali.<\/strong><\/p>\n<p>L\u2019obiettivo \u00e8 <strong>ispirare un ecosistema virtuoso e implementare un\u2019economia non lineare<\/strong>, in cui le merci di oggi sono le risorse di domani e fondata sul principio del &#8220;closing the loop&#8221;, la chiusura dei cicli di vita di prodotti, servizi, rifiuti, materiali, acqua ed energia. Un evento digitale finalizzato a <strong>fare il punto sullo scenario internazionale e confrontarsi, grazie ad autorevoli voci del mondo istituzionale e produttivo, sui temi che stanno rivoluzionando lo scenario industriale<\/strong>, imponendo nuove competenze e nuovi modelli di riferimento. Partendo dalle analisi dei trend e delle politiche in materia di sostenibilit\u00e0 ambientale e intelligenza artificiale, l&#8217;appuntamento vuole diffondere e arricchire visione, consapevolezza e ricerca sull&#8217;Economia Circolare, presentando le migliori soluzioni esistenti e le best practice a livello globale.<\/p>\n<p>&nbsp;<\/p>\n<\/div>\n<\/section>\n<\/div>\n<\/div>\n<p style=\"text-align: center;\"><a href=\"https:\/\/www.print4all.it\/manifestazione\/iscriviti-al-convegno.html\"><img loading=\"lazy\" decoding=\"async\" class=\"alignnone size-full wp-image-9322\" src=\"https:\/\/acimga.it\/wp-content\/uploads\/2022\/02\/ISCRIVITI-AL-SUMMIT.png\" alt=\"\" width=\"300\" height=\"50\" \/><\/a><\/p>\n<p>&nbsp;<\/p>\n<h2 style=\"text-align: center;\">\u00a0<img loading=\"lazy\" decoding=\"async\" class=\"alignnone size-full wp-image-9454\" src=\"https:\/\/acimga.it\/wp-content\/uploads\/2022\/02\/TIA1.png\" alt=\"\" width=\"471\" height=\"386\" srcset=\"https:\/\/acimga.it\/wp-content\/uploads\/2022\/02\/TIA1.png 471w, https:\/\/acimga.it\/wp-content\/uploads\/2022\/02\/TIA1-300x246.png 300w\" sizes=\"(max-width: 471px) 100vw, 471px\" \/><\/h2>\n<h2><img loading=\"lazy\" decoding=\"async\" class=\"alignnone size-full wp-image-9453 aligncenter\" src=\"https:\/\/acimga.it\/wp-content\/uploads\/2022\/02\/TIA2.png\" alt=\"\" width=\"543\" height=\"784\" srcset=\"https:\/\/acimga.it\/wp-content\/uploads\/2022\/02\/TIA2.png 543w, https:\/\/acimga.it\/wp-content\/uploads\/2022\/02\/TIA2-480x693.png 480w\" sizes=\"(min-width: 0px) and (max-width: 480px) 480px, (min-width: 481px) 543px, 100vw\" \/><\/h2>\n<p>&nbsp;<\/p>\n<h2><\/h2>\n<h2><img loading=\"lazy\" decoding=\"async\" class=\"wp-image-9455 aligncenter\" src=\"https:\/\/acimga.it\/wp-content\/uploads\/2022\/02\/logo-Tia-footer-RBG.png\" alt=\"\" width=\"650\" height=\"114\" srcset=\"https:\/\/acimga.it\/wp-content\/uploads\/2022\/02\/logo-Tia-footer-RBG-1280x225.png 1280w, https:\/\/acimga.it\/wp-content\/uploads\/2022\/02\/logo-Tia-footer-RBG-980x172.png 980w, https:\/\/acimga.it\/wp-content\/uploads\/2022\/02\/logo-Tia-footer-RBG-480x84.png 480w\" sizes=\"(min-width: 0px) and (max-width: 480px) 480px, (min-width: 481px) and (max-width: 980px) 980px, (min-width: 981px) and (max-width: 1280px) 1280px, 100vw\" \/><\/h2>\n<p>&nbsp;<\/p>\n<h2 style=\"text-align: center;\">THE INNOVATION ALLIANCE<\/h2>\n<p><strong>Print4All rinnova l\u2019adesione a<span style=\"color: #333333;\"><em>\u00a0<a style=\"color: #333333;\" href=\"http:\/\/www.theinnovationalliance.it\/\">THE INNOVATION ALLIANCE<\/a>,<\/em><\/span> appuntamento che si terr\u00e0 a Fiera Milano dal 3 al 6 maggio prossimi e che, in una logica di collaborazione sinergica, vedr\u00e0 l\u2019appuntamento svolgersi in contemporanea a\u00a0\u00a0IPACK-IMA, \u00a0INTRALOGISTICA ITALIA\u00a0e\u00a0GREENPLAST. <\/strong><\/p>\n<p>Una ideale filiera industriale che va dalle soluzioni pi\u00f9 sostenibili per la produzione e la gestione delle materie plastiche al packaging e processing, dalla personalizzazione grafica del prodotto fino alla movimentazione e stoccaggio delle merci.<\/p>\n<div class=\"gtp-box-acquisto gtp-master\">\n<section class=\"bannerCtaOne bg-white\">\n<div class=\"bannerCtaOne-body d-flex\">\n<div class=\"cta-container\">\n<div><\/div>\n<div class=\"title text-black\"><em><span style=\"color: #333333;\"><strong><a style=\"color: #333333;\" href=\"https:\/\/www.print4all.it\/\">PRINT4ALL<\/a><\/strong><\/span> <\/em>&#8211; Format dedicato alla stampa a 360 gradi, declinato nelle principali direttrici in cui si articolano l\u2019offerta e i principali ambiti di applicazione: printing &amp; communication; converting, package printing, labelling e industrial printing. Organizzata da Fiera Milano, Print4All \u00e8 di propriet\u00e0 di ACIMGA\u00a0 e ARGI (Associazione Fornitori Industria Grafica).<\/div>\n<div><\/div>\n<div><\/div>\n<\/div>\n<\/div>\n<\/section>\n<\/div>\n<div class=\"gtp-box-acquisto gtp-master\">\n<section class=\"bannerCtaOne bg-white\">\n<div class=\"bannerCtaOne-body d-flex\">\n<div class=\"cta-container\">\n<div class=\"title text-black\"><strong><em><span style=\"color: #333333;\"><a style=\"color: #333333;\" href=\"https:\/\/www.ipackima.com\/\">IPACK-IMA<\/a> <\/span><\/em><\/strong>&#8211; Fiera internazionale con un\u2019offerta completa e trasversale dedicata a materiali e tecnologie all\u2019avanguardia nel processing e packaging, rivolta a tutta l\u2019industria del largo consumo e beni durevoli. \u00c8 organizzata da Ipack Ima Srl, joint venture tra UCIMA (Unione Costruttori Italiani Macchine Automatiche per il confezionamento e l&#8217;imballaggio) e Fiera Milano.<\/div>\n<div><\/div>\n<div><\/div>\n<\/div>\n<\/div>\n<\/section>\n<\/div>\n<div class=\"gtp-box-acquisto gtp-master\">\n<section class=\"bannerCtaOne bg-white\">\n<div class=\"bannerCtaOne-body d-flex\">\n<div class=\"cta-container\">\n<div class=\"title text-black\"><em><span style=\"color: #333333;\"><strong><a style=\"color: #333333;\" href=\"https:\/\/www.greenplast.org\/\">GREENPLAST<\/a><\/strong><\/span><\/em> &#8211; Exhibition&amp;Conference dedicata alle soluzioni pi\u00f9 innovative elaborate dalle aziende del settore materie plastiche e gomma in merito a sostenibilit\u00e0 ambientale, efficientamento energetico, Reduce-Reuse-Recycle ed economia circolare. \u00c8 organizzata da Promaplast Srl, societ\u00e0 di servizi controllata al 100% da AMAPLAST (Associazione Nazionale Costruttori di Macchine e Stampi per Materie Plastiche e Gomma).<\/div>\n<div><\/div>\n<div><\/div>\n<\/div>\n<\/div>\n<\/section>\n<\/div>\n<div class=\"gtp-box-acquisto gtp-master\">\n<section class=\"bannerCtaOne bg-white\">\n<div class=\"bannerCtaOne-body d-flex\">\n<div class=\"cta-container\">\n<div class=\"title text-black\"><span style=\"color: #333333;\"><em><strong><a style=\"color: #333333;\" href=\"https:\/\/intralogistica-italia.com\/\">INTRALOGISTICA ITALIA<\/a><\/strong><\/em><\/span> &#8211; Manifestazione dedicata alle soluzioni pi\u00f9 innovative e ai sistemi integrati di movimentazione industriale, gestione del magazzino, stoccaggio dei materiali e picking. Fa parte del network \u201cLogistics events worldwide\u201d di Deutsche Messe AG ed \u00e8 organizzata da Hannover Fairs International GmbH, filiale italiana di Deutsche Messe AG e da Ipack Ima Srl.<\/div>\n<\/div>\n<\/div>\n<\/section>\n<\/div>\n","protected":false},"excerpt":{"rendered":"<p>Intelligenza Artificiale e modelli di Economia Circolare: verso un ecosistema industriale rigenerativo Digital event &#8211; 23 marzo 2022 \u2013 9.30-13.30\u00a0 L&#8217;economia circolare \u00e8 il quadro concettuale all\u2019interno del quale si inserisce il tema dello sviluppo sostenibile. Il Circular Economy Summit offre, in questa edizione, un approfondimento sulla interazione tra due grandi trend emergenti &#8211; Intelligenza [&hellip;]<\/p>\n","protected":false},"author":586,"featured_media":9321,"comment_status":"open","ping_status":"open","sticky":false,"template":"","format":"standard","meta":{"_et_pb_use_builder":"off","_et_pb_old_content":"","_et_gb_content_width":"","footnotes":""},"categories":[1,14],"tags":[],"class_list":["post-9320","post","type-post","status-publish","format-standard","has-post-thumbnail","hentry","category-news","category-internazionalizzazione"],"acf":[],"yoast_head":"<!-- This site is optimized with the Yoast SEO plugin v27.5 - https:\/\/yoast.com\/product\/yoast-seo-wordpress\/ -->\n<title>23 MARZO - CIRCULAR ECONOMY SUMMIT - Acimga<\/title>\n<meta name=\"robots\" content=\"index, follow, max-snippet:-1, max-image-preview:large, max-video-preview:-1\" \/>\n<link rel=\"canonical\" href=\"https:\/\/acimga.it\/it\/23-marzo-circular-economy-summit\/\" \/>\n<meta property=\"og:locale\" content=\"it_IT\" \/>\n<meta property=\"og:type\" content=\"article\" \/>\n<meta property=\"og:title\" content=\"23 MARZO - CIRCULAR ECONOMY SUMMIT - Acimga\" \/>\n<meta property=\"og:description\" content=\"Intelligenza Artificiale e modelli di Economia Circolare: verso un ecosistema industriale rigenerativo Digital event &#8211; 23 marzo 2022 \u2013 9.30-13.30\u00a0 L&#8217;economia circolare \u00e8 il quadro concettuale all\u2019interno del quale si inserisce il tema dello sviluppo sostenibile. Il Circular Economy Summit offre, in questa edizione, un approfondimento sulla interazione tra due grandi trend emergenti &#8211; Intelligenza [&hellip;]\" \/>\n<meta property=\"og:url\" content=\"https:\/\/acimga.it\/it\/23-marzo-circular-economy-summit\/\" \/>\n<meta property=\"og:site_name\" content=\"Acimga\" \/>\n<meta property=\"article:published_time\" content=\"2022-03-13T12:02:31+00:00\" \/>\n<meta property=\"article:modified_time\" content=\"2022-03-14T11:11:54+00:00\" \/>\n<meta property=\"og:image\" content=\"https:\/\/acimga.it\/wp-content\/uploads\/2022\/02\/CIRCULAR-ECONOMY-SUMMIT.png\" \/>\n\t<meta property=\"og:image:width\" content=\"1100\" \/>\n\t<meta property=\"og:image:height\" content=\"900\" \/>\n\t<meta property=\"og:image:type\" content=\"image\/png\" \/>\n<meta name=\"author\" content=\"Gwyn Garrett\" \/>\n<meta name=\"twitter:card\" content=\"summary_large_image\" \/>\n<meta name=\"twitter:creator\" content=\"@Acimga1947\" \/>\n<meta name=\"twitter:site\" content=\"@Acimga1947\" \/>\n<meta name=\"twitter:label1\" content=\"Scritto da\" \/>\n\t<meta name=\"twitter:data1\" content=\"Gwyn Garrett\" \/>\n\t<meta name=\"twitter:label2\" content=\"Tempo di lettura stimato\" \/>\n\t<meta name=\"twitter:data2\" content=\"4 minuti\" \/>\n<script type=\"application\/ld+json\" class=\"yoast-schema-graph\">{\"@context\":\"https:\\\/\\\/schema.org\",\"@graph\":[{\"@type\":\"Article\",\"@id\":\"https:\\\/\\\/acimga.it\\\/it\\\/23-marzo-circular-economy-summit\\\/#article\",\"isPartOf\":{\"@id\":\"https:\\\/\\\/acimga.it\\\/it\\\/23-marzo-circular-economy-summit\\\/\"},\"author\":{\"name\":\"Gwyn Garrett\",\"@id\":\"https:\\\/\\\/acimga.it\\\/it\\\/#\\\/schema\\\/person\\\/e7d66db085dfe21491c14f371f7f8a9a\"},\"headline\":\"23 MARZO &#8211; CIRCULAR ECONOMY SUMMIT\",\"datePublished\":\"2022-03-13T12:02:31+00:00\",\"dateModified\":\"2022-03-14T11:11:54+00:00\",\"mainEntityOfPage\":{\"@id\":\"https:\\\/\\\/acimga.it\\\/it\\\/23-marzo-circular-economy-summit\\\/\"},\"wordCount\":535,\"commentCount\":0,\"publisher\":{\"@id\":\"https:\\\/\\\/acimga.it\\\/it\\\/#organization\"},\"image\":{\"@id\":\"https:\\\/\\\/acimga.it\\\/it\\\/23-marzo-circular-economy-summit\\\/#primaryimage\"},\"thumbnailUrl\":\"https:\\\/\\\/acimga.it\\\/wp-content\\\/uploads\\\/2022\\\/02\\\/CIRCULAR-ECONOMY-SUMMIT.png\",\"articleSection\":[\"Comunicazione\",\"Internazionalizzazione\"],\"inLanguage\":\"it-IT\",\"potentialAction\":[{\"@type\":\"CommentAction\",\"name\":\"Comment\",\"target\":[\"https:\\\/\\\/acimga.it\\\/it\\\/23-marzo-circular-economy-summit\\\/#respond\"]}]},{\"@type\":\"WebPage\",\"@id\":\"https:\\\/\\\/acimga.it\\\/it\\\/23-marzo-circular-economy-summit\\\/\",\"url\":\"https:\\\/\\\/acimga.it\\\/it\\\/23-marzo-circular-economy-summit\\\/\",\"name\":\"23 MARZO - CIRCULAR ECONOMY SUMMIT - Acimga\",\"isPartOf\":{\"@id\":\"https:\\\/\\\/acimga.it\\\/it\\\/#website\"},\"primaryImageOfPage\":{\"@id\":\"https:\\\/\\\/acimga.it\\\/it\\\/23-marzo-circular-economy-summit\\\/#primaryimage\"},\"image\":{\"@id\":\"https:\\\/\\\/acimga.it\\\/it\\\/23-marzo-circular-economy-summit\\\/#primaryimage\"},\"thumbnailUrl\":\"https:\\\/\\\/acimga.it\\\/wp-content\\\/uploads\\\/2022\\\/02\\\/CIRCULAR-ECONOMY-SUMMIT.png\",\"datePublished\":\"2022-03-13T12:02:31+00:00\",\"dateModified\":\"2022-03-14T11:11:54+00:00\",\"breadcrumb\":{\"@id\":\"https:\\\/\\\/acimga.it\\\/it\\\/23-marzo-circular-economy-summit\\\/#breadcrumb\"},\"inLanguage\":\"it-IT\",\"potentialAction\":[{\"@type\":\"ReadAction\",\"target\":[\"https:\\\/\\\/acimga.it\\\/it\\\/23-marzo-circular-economy-summit\\\/\"]}]},{\"@type\":\"ImageObject\",\"inLanguage\":\"it-IT\",\"@id\":\"https:\\\/\\\/acimga.it\\\/it\\\/23-marzo-circular-economy-summit\\\/#primaryimage\",\"url\":\"https:\\\/\\\/acimga.it\\\/wp-content\\\/uploads\\\/2022\\\/02\\\/CIRCULAR-ECONOMY-SUMMIT.png\",\"contentUrl\":\"https:\\\/\\\/acimga.it\\\/wp-content\\\/uploads\\\/2022\\\/02\\\/CIRCULAR-ECONOMY-SUMMIT.png\",\"width\":1100,\"height\":900},{\"@type\":\"BreadcrumbList\",\"@id\":\"https:\\\/\\\/acimga.it\\\/it\\\/23-marzo-circular-economy-summit\\\/#breadcrumb\",\"itemListElement\":[{\"@type\":\"ListItem\",\"position\":1,\"name\":\"Home\",\"item\":\"https:\\\/\\\/acimga.it\\\/it\\\/\"},{\"@type\":\"ListItem\",\"position\":2,\"name\":\"23 MARZO &#8211; CIRCULAR ECONOMY SUMMIT\"}]},{\"@type\":\"WebSite\",\"@id\":\"https:\\\/\\\/acimga.it\\\/it\\\/#website\",\"url\":\"https:\\\/\\\/acimga.it\\\/it\\\/\",\"name\":\"Acimga\",\"description\":\"Costruttori Italiani di Macchine per l\u2019Industria Grafica, Cartotecnica, Cartaria, di Trasformazione e Affini\",\"publisher\":{\"@id\":\"https:\\\/\\\/acimga.it\\\/it\\\/#organization\"},\"potentialAction\":[{\"@type\":\"SearchAction\",\"target\":{\"@type\":\"EntryPoint\",\"urlTemplate\":\"https:\\\/\\\/acimga.it\\\/it\\\/?s={search_term_string}\"},\"query-input\":{\"@type\":\"PropertyValueSpecification\",\"valueRequired\":true,\"valueName\":\"search_term_string\"}}],\"inLanguage\":\"it-IT\"},{\"@type\":\"Organization\",\"@id\":\"https:\\\/\\\/acimga.it\\\/it\\\/#organization\",\"name\":\"ACIMGA\",\"url\":\"https:\\\/\\\/acimga.it\\\/it\\\/\",\"logo\":{\"@type\":\"ImageObject\",\"inLanguage\":\"it-IT\",\"@id\":\"https:\\\/\\\/acimga.it\\\/it\\\/#\\\/schema\\\/logo\\\/image\\\/\",\"url\":\"https:\\\/\\\/acimga.it\\\/wp-content\\\/uploads\\\/2020\\\/11\\\/logo-payoff.svg\",\"contentUrl\":\"https:\\\/\\\/acimga.it\\\/wp-content\\\/uploads\\\/2020\\\/11\\\/logo-payoff.svg\",\"width\":288,\"height\":80,\"caption\":\"ACIMGA\"},\"image\":{\"@id\":\"https:\\\/\\\/acimga.it\\\/it\\\/#\\\/schema\\\/logo\\\/image\\\/\"},\"sameAs\":[\"https:\\\/\\\/x.com\\\/Acimga1947\",\"https:\\\/\\\/www.linkedin.com\\\/company\\\/acimga?trk=nmp_rec_act_company_photo\",\"https:\\\/\\\/www.youtube.com\\\/channel\\\/UCqzHaOsul8rWTGHSrvq3FUw\\\/videos\"]},{\"@type\":\"Person\",\"@id\":\"https:\\\/\\\/acimga.it\\\/it\\\/#\\\/schema\\\/person\\\/e7d66db085dfe21491c14f371f7f8a9a\",\"name\":\"Gwyn Garrett\",\"image\":{\"@type\":\"ImageObject\",\"inLanguage\":\"it-IT\",\"@id\":\"https:\\\/\\\/secure.gravatar.com\\\/avatar\\\/3aef2eca19bf1643ebeb9a8c157d0f87d1f35cd02b69794dd6130fe56ee6afd0?s=96&d=mm&r=g\",\"url\":\"https:\\\/\\\/secure.gravatar.com\\\/avatar\\\/3aef2eca19bf1643ebeb9a8c157d0f87d1f35cd02b69794dd6130fe56ee6afd0?s=96&d=mm&r=g\",\"contentUrl\":\"https:\\\/\\\/secure.gravatar.com\\\/avatar\\\/3aef2eca19bf1643ebeb9a8c157d0f87d1f35cd02b69794dd6130fe56ee6afd0?s=96&d=mm&r=g\",\"caption\":\"Gwyn Garrett\"},\"url\":\"https:\\\/\\\/acimga.it\\\/it\\\/author\\\/gwynedd\\\/\"}]}<\/script>\n<!-- \/ Yoast SEO plugin. -->","yoast_head_json":{"title":"23 MARZO - CIRCULAR ECONOMY SUMMIT - Acimga","robots":{"index":"index","follow":"follow","max-snippet":"max-snippet:-1","max-image-preview":"max-image-preview:large","max-video-preview":"max-video-preview:-1"},"canonical":"https:\/\/acimga.it\/it\/23-marzo-circular-economy-summit\/","og_locale":"it_IT","og_type":"article","og_title":"23 MARZO - CIRCULAR ECONOMY SUMMIT - Acimga","og_description":"Intelligenza Artificiale e modelli di Economia Circolare: verso un ecosistema industriale rigenerativo Digital event &#8211; 23 marzo 2022 \u2013 9.30-13.30\u00a0 L&#8217;economia circolare \u00e8 il quadro concettuale all\u2019interno del quale si inserisce il tema dello sviluppo sostenibile. Il Circular Economy Summit offre, in questa edizione, un approfondimento sulla interazione tra due grandi trend emergenti &#8211; Intelligenza [&hellip;]","og_url":"https:\/\/acimga.it\/it\/23-marzo-circular-economy-summit\/","og_site_name":"Acimga","article_published_time":"2022-03-13T12:02:31+00:00","article_modified_time":"2022-03-14T11:11:54+00:00","og_image":[{"width":1100,"height":900,"url":"https:\/\/acimga.it\/wp-content\/uploads\/2022\/02\/CIRCULAR-ECONOMY-SUMMIT.png","type":"image\/png"}],"author":"Gwyn Garrett","twitter_card":"summary_large_image","twitter_creator":"@Acimga1947","twitter_site":"@Acimga1947","twitter_misc":{"Scritto da":"Gwyn Garrett","Tempo di lettura stimato":"4 minuti"},"schema":{"@context":"https:\/\/schema.org","@graph":[{"@type":"Article","@id":"https:\/\/acimga.it\/it\/23-marzo-circular-economy-summit\/#article","isPartOf":{"@id":"https:\/\/acimga.it\/it\/23-marzo-circular-economy-summit\/"},"author":{"name":"Gwyn Garrett","@id":"https:\/\/acimga.it\/it\/#\/schema\/person\/e7d66db085dfe21491c14f371f7f8a9a"},"headline":"23 MARZO &#8211; CIRCULAR ECONOMY SUMMIT","datePublished":"2022-03-13T12:02:31+00:00","dateModified":"2022-03-14T11:11:54+00:00","mainEntityOfPage":{"@id":"https:\/\/acimga.it\/it\/23-marzo-circular-economy-summit\/"},"wordCount":535,"commentCount":0,"publisher":{"@id":"https:\/\/acimga.it\/it\/#organization"},"image":{"@id":"https:\/\/acimga.it\/it\/23-marzo-circular-economy-summit\/#primaryimage"},"thumbnailUrl":"https:\/\/acimga.it\/wp-content\/uploads\/2022\/02\/CIRCULAR-ECONOMY-SUMMIT.png","articleSection":["Comunicazione","Internazionalizzazione"],"inLanguage":"it-IT","potentialAction":[{"@type":"CommentAction","name":"Comment","target":["https:\/\/acimga.it\/it\/23-marzo-circular-economy-summit\/#respond"]}]},{"@type":"WebPage","@id":"https:\/\/acimga.it\/it\/23-marzo-circular-economy-summit\/","url":"https:\/\/acimga.it\/it\/23-marzo-circular-economy-summit\/","name":"23 MARZO - CIRCULAR ECONOMY SUMMIT - Acimga","isPartOf":{"@id":"https:\/\/acimga.it\/it\/#website"},"primaryImageOfPage":{"@id":"https:\/\/acimga.it\/it\/23-marzo-circular-economy-summit\/#primaryimage"},"image":{"@id":"https:\/\/acimga.it\/it\/23-marzo-circular-economy-summit\/#primaryimage"},"thumbnailUrl":"https:\/\/acimga.it\/wp-content\/uploads\/2022\/02\/CIRCULAR-ECONOMY-SUMMIT.png","datePublished":"2022-03-13T12:02:31+00:00","dateModified":"2022-03-14T11:11:54+00:00","breadcrumb":{"@id":"https:\/\/acimga.it\/it\/23-marzo-circular-economy-summit\/#breadcrumb"},"inLanguage":"it-IT","potentialAction":[{"@type":"ReadAction","target":["https:\/\/acimga.it\/it\/23-marzo-circular-economy-summit\/"]}]},{"@type":"ImageObject","inLanguage":"it-IT","@id":"https:\/\/acimga.it\/it\/23-marzo-circular-economy-summit\/#primaryimage","url":"https:\/\/acimga.it\/wp-content\/uploads\/2022\/02\/CIRCULAR-ECONOMY-SUMMIT.png","contentUrl":"https:\/\/acimga.it\/wp-content\/uploads\/2022\/02\/CIRCULAR-ECONOMY-SUMMIT.png","width":1100,"height":900},{"@type":"BreadcrumbList","@id":"https:\/\/acimga.it\/it\/23-marzo-circular-economy-summit\/#breadcrumb","itemListElement":[{"@type":"ListItem","position":1,"name":"Home","item":"https:\/\/acimga.it\/it\/"},{"@type":"ListItem","position":2,"name":"23 MARZO &#8211; CIRCULAR ECONOMY SUMMIT"}]},{"@type":"WebSite","@id":"https:\/\/acimga.it\/it\/#website","url":"https:\/\/acimga.it\/it\/","name":"Acimga","description":"Costruttori Italiani di Macchine per l\u2019Industria Grafica, Cartotecnica, Cartaria, di Trasformazione e Affini","publisher":{"@id":"https:\/\/acimga.it\/it\/#organization"},"potentialAction":[{"@type":"SearchAction","target":{"@type":"EntryPoint","urlTemplate":"https:\/\/acimga.it\/it\/?s={search_term_string}"},"query-input":{"@type":"PropertyValueSpecification","valueRequired":true,"valueName":"search_term_string"}}],"inLanguage":"it-IT"},{"@type":"Organization","@id":"https:\/\/acimga.it\/it\/#organization","name":"ACIMGA","url":"https:\/\/acimga.it\/it\/","logo":{"@type":"ImageObject","inLanguage":"it-IT","@id":"https:\/\/acimga.it\/it\/#\/schema\/logo\/image\/","url":"https:\/\/acimga.it\/wp-content\/uploads\/2020\/11\/logo-payoff.svg","contentUrl":"https:\/\/acimga.it\/wp-content\/uploads\/2020\/11\/logo-payoff.svg","width":288,"height":80,"caption":"ACIMGA"},"image":{"@id":"https:\/\/acimga.it\/it\/#\/schema\/logo\/image\/"},"sameAs":["https:\/\/x.com\/Acimga1947","https:\/\/www.linkedin.com\/company\/acimga?trk=nmp_rec_act_company_photo","https:\/\/www.youtube.com\/channel\/UCqzHaOsul8rWTGHSrvq3FUw\/videos"]},{"@type":"Person","@id":"https:\/\/acimga.it\/it\/#\/schema\/person\/e7d66db085dfe21491c14f371f7f8a9a","name":"Gwyn Garrett","image":{"@type":"ImageObject","inLanguage":"it-IT","@id":"https:\/\/secure.gravatar.com\/avatar\/3aef2eca19bf1643ebeb9a8c157d0f87d1f35cd02b69794dd6130fe56ee6afd0?s=96&d=mm&r=g","url":"https:\/\/secure.gravatar.com\/avatar\/3aef2eca19bf1643ebeb9a8c157d0f87d1f35cd02b69794dd6130fe56ee6afd0?s=96&d=mm&r=g","contentUrl":"https:\/\/secure.gravatar.com\/avatar\/3aef2eca19bf1643ebeb9a8c157d0f87d1f35cd02b69794dd6130fe56ee6afd0?s=96&d=mm&r=g","caption":"Gwyn Garrett"},"url":"https:\/\/acimga.it\/it\/author\/gwynedd\/"}]}},"_links":{"self":[{"href":"https:\/\/acimga.it\/it\/wp-json\/wp\/v2\/posts\/9320","targetHints":{"allow":["GET"]}}],"collection":[{"href":"https:\/\/acimga.it\/it\/wp-json\/wp\/v2\/posts"}],"about":[{"href":"https:\/\/acimga.it\/it\/wp-json\/wp\/v2\/types\/post"}],"author":[{"embeddable":true,"href":"https:\/\/acimga.it\/it\/wp-json\/wp\/v2\/users\/586"}],"replies":[{"embeddable":true,"href":"https:\/\/acimga.it\/it\/wp-json\/wp\/v2\/comments?post=9320"}],"version-history":[{"count":8,"href":"https:\/\/acimga.it\/it\/wp-json\/wp\/v2\/posts\/9320\/revisions"}],"predecessor-version":[{"id":9456,"href":"https:\/\/acimga.it\/it\/wp-json\/wp\/v2\/posts\/9320\/revisions\/9456"}],"wp:featuredmedia":[{"embeddable":true,"href":"https:\/\/acimga.it\/it\/wp-json\/wp\/v2\/media\/9321"}],"wp:attachment":[{"href":"https:\/\/acimga.it\/it\/wp-json\/wp\/v2\/media?parent=9320"}],"wp:term":[{"taxonomy":"category","embeddable":true,"href":"https:\/\/acimga.it\/it\/wp-json\/wp\/v2\/categories?post=9320"},{"taxonomy":"post_tag","embeddable":true,"href":"https:\/\/acimga.it\/it\/wp-json\/wp\/v2\/tags?post=9320"}],"curies":[{"name":"wp","href":"https:\/\/api.w.org\/{rel}","templated":true}]}}