{"id":8110,"date":"2021-07-12T12:51:14","date_gmt":"2021-07-12T12:51:14","guid":{"rendered":"https:\/\/acimga.it\/?p=8110"},"modified":"2021-07-26T11:28:14","modified_gmt":"2021-07-26T11:28:14","slug":"save-the-date-il-22-luglio-assemblea-pubblica-di-federazione-carta-e-grafica","status":"publish","type":"post","link":"https:\/\/acimga.it\/it\/save-the-date-il-22-luglio-assemblea-pubblica-di-federazione-carta-e-grafica\/","title":{"rendered":"SAVE THE DATE &#8211; IL 22 LUGLIO ASSEMBLEA PUBBLICA DI FEDERAZIONE CARTA E GRAFICA"},"content":{"rendered":"<p><strong>Gioved\u00ec 22 luglio a partire dalle ore 11:00 si terr\u00e0 l&#8217;Assemblea Pubblica della Federazione Carta e Grafica,<\/strong> in diretta streaming sul sito ilsole24ore.com.<\/p>\n<p>L&#8217;incontro sar\u00e0 focalizzato sul ruolo chiave della Federazione nella <strong>transizione ecologica e digitale<\/strong>, temi che coinvolgono sempre pi\u00f9 da vicino l&#8217;intera filiera della stampa, della grafica e del packaging.<\/p>\n<p>Per partecipare \u00e8 sufficiente collegarsi il giorno 22 luglio alle ore 11:00 cliccando sul pulsante sottostante.<\/p>\n<p><span style=\"color: #000080;\"><strong><a style=\"color: #000080;\" href=\"https:\/\/eventi.ilsole24ore.com\/assografici\/\"><em>&#8220;ACCEDI ALLA DIRETTA STREAMING DELL&#8217;ASSEMBLEA DI FEDERAZIONE&#8221;. <\/em><\/a><\/strong><\/span><\/p>\n<p>A breve sar\u00e0 reso disponibile il programma dettagliato dell&#8217;Assemblea.<\/p>\n<p><a href=\"https:\/\/acimga.it\/wp-content\/uploads\/2021\/07\/StD_22072021_FCG_2.pdf\">E&#8217; inoltre disponibile il Save the Date con link alla diretta streaming, cliccando qui.<\/a><\/p>\n<p><em>L&#8217;Assemblea pubblica di Acimga sar\u00e0 svolta all&#8217;interno dell&#8217;Assemblea di Federazione Carta e Grafica.<\/em><\/p>\n<p>&nbsp;<\/p>\n","protected":false},"excerpt":{"rendered":"<p>Gioved\u00ec 22 luglio a partire dalle ore 11:00 si terr\u00e0 l&#8217;Assemblea Pubblica della Federazione Carta e Grafica, in diretta streaming sul sito ilsole24ore.com. L&#8217;incontro sar\u00e0 focalizzato sul ruolo chiave della Federazione nella transizione ecologica e digitale, temi che coinvolgono sempre pi\u00f9 da vicino l&#8217;intera filiera della stampa, della grafica e del packaging. Per partecipare \u00e8 [&hellip;]<\/p>\n","protected":false},"author":586,"featured_media":8112,"comment_status":"open","ping_status":"open","sticky":false,"template":"","format":"standard","meta":{"_et_pb_use_builder":"off","_et_pb_old_content":"","_et_gb_content_width":"","footnotes":""},"categories":[1],"tags":[],"class_list":["post-8110","post","type-post","status-publish","format-standard","has-post-thumbnail","hentry","category-news"],"acf":[],"yoast_head":"<!-- This site is optimized with the Yoast SEO plugin v27.5 - https:\/\/yoast.com\/product\/yoast-seo-wordpress\/ -->\n<title>SAVE THE DATE - IL 22 LUGLIO ASSEMBLEA PUBBLICA DI FEDERAZIONE CARTA E GRAFICA - Acimga<\/title>\n<meta name=\"robots\" content=\"index, follow, max-snippet:-1, max-image-preview:large, max-video-preview:-1\" \/>\n<link rel=\"canonical\" href=\"https:\/\/acimga.it\/it\/save-the-date-il-22-luglio-assemblea-pubblica-di-federazione-carta-e-grafica\/\" \/>\n<meta property=\"og:locale\" content=\"it_IT\" \/>\n<meta property=\"og:type\" content=\"article\" \/>\n<meta property=\"og:title\" content=\"SAVE THE DATE - IL 22 LUGLIO ASSEMBLEA PUBBLICA DI FEDERAZIONE CARTA E GRAFICA - Acimga\" \/>\n<meta property=\"og:description\" content=\"Gioved\u00ec 22 luglio a partire dalle ore 11:00 si terr\u00e0 l&#8217;Assemblea Pubblica della Federazione Carta e Grafica, in diretta streaming sul sito ilsole24ore.com. L&#8217;incontro sar\u00e0 focalizzato sul ruolo chiave della Federazione nella transizione ecologica e digitale, temi che coinvolgono sempre pi\u00f9 da vicino l&#8217;intera filiera della stampa, della grafica e del packaging. Per partecipare \u00e8 [&hellip;]\" \/>\n<meta property=\"og:url\" content=\"https:\/\/acimga.it\/it\/save-the-date-il-22-luglio-assemblea-pubblica-di-federazione-carta-e-grafica\/\" \/>\n<meta property=\"og:site_name\" content=\"Acimga\" \/>\n<meta property=\"article:published_time\" content=\"2021-07-12T12:51:14+00:00\" \/>\n<meta property=\"article:modified_time\" content=\"2021-07-26T11:28:14+00:00\" \/>\n<meta property=\"og:image\" content=\"https:\/\/acimga.it\/wp-content\/uploads\/2021\/07\/StD_22072021_FCG.jpg\" \/>\n\t<meta property=\"og:image:width\" content=\"2339\" \/>\n\t<meta property=\"og:image:height\" content=\"1315\" \/>\n\t<meta property=\"og:image:type\" content=\"image\/jpeg\" \/>\n<meta name=\"author\" content=\"Gwyn Garrett\" \/>\n<meta name=\"twitter:card\" content=\"summary_large_image\" \/>\n<meta name=\"twitter:creator\" content=\"@Acimga1947\" \/>\n<meta name=\"twitter:site\" content=\"@Acimga1947\" \/>\n<meta name=\"twitter:label1\" content=\"Scritto da\" \/>\n\t<meta name=\"twitter:data1\" content=\"Gwyn Garrett\" \/>\n\t<meta name=\"twitter:label2\" content=\"Tempo di lettura stimato\" \/>\n\t<meta name=\"twitter:data2\" content=\"1 minuto\" \/>\n<script type=\"application\/ld+json\" class=\"yoast-schema-graph\">{\"@context\":\"https:\\\/\\\/schema.org\",\"@graph\":[{\"@type\":\"Article\",\"@id\":\"https:\\\/\\\/acimga.it\\\/it\\\/save-the-date-il-22-luglio-assemblea-pubblica-di-federazione-carta-e-grafica\\\/#article\",\"isPartOf\":{\"@id\":\"https:\\\/\\\/acimga.it\\\/it\\\/save-the-date-il-22-luglio-assemblea-pubblica-di-federazione-carta-e-grafica\\\/\"},\"author\":{\"name\":\"Gwyn Garrett\",\"@id\":\"https:\\\/\\\/acimga.it\\\/it\\\/#\\\/schema\\\/person\\\/e7d66db085dfe21491c14f371f7f8a9a\"},\"headline\":\"SAVE THE DATE &#8211; IL 22 LUGLIO ASSEMBLEA PUBBLICA DI FEDERAZIONE CARTA E GRAFICA\",\"datePublished\":\"2021-07-12T12:51:14+00:00\",\"dateModified\":\"2021-07-26T11:28:14+00:00\",\"mainEntityOfPage\":{\"@id\":\"https:\\\/\\\/acimga.it\\\/it\\\/save-the-date-il-22-luglio-assemblea-pubblica-di-federazione-carta-e-grafica\\\/\"},\"wordCount\":130,\"commentCount\":0,\"publisher\":{\"@id\":\"https:\\\/\\\/acimga.it\\\/it\\\/#organization\"},\"image\":{\"@id\":\"https:\\\/\\\/acimga.it\\\/it\\\/save-the-date-il-22-luglio-assemblea-pubblica-di-federazione-carta-e-grafica\\\/#primaryimage\"},\"thumbnailUrl\":\"https:\\\/\\\/acimga.it\\\/wp-content\\\/uploads\\\/2021\\\/07\\\/StD_22072021_FCG.jpg\",\"articleSection\":[\"Comunicazione\"],\"inLanguage\":\"it-IT\",\"potentialAction\":[{\"@type\":\"CommentAction\",\"name\":\"Comment\",\"target\":[\"https:\\\/\\\/acimga.it\\\/it\\\/save-the-date-il-22-luglio-assemblea-pubblica-di-federazione-carta-e-grafica\\\/#respond\"]}]},{\"@type\":\"WebPage\",\"@id\":\"https:\\\/\\\/acimga.it\\\/it\\\/save-the-date-il-22-luglio-assemblea-pubblica-di-federazione-carta-e-grafica\\\/\",\"url\":\"https:\\\/\\\/acimga.it\\\/it\\\/save-the-date-il-22-luglio-assemblea-pubblica-di-federazione-carta-e-grafica\\\/\",\"name\":\"SAVE THE DATE - IL 22 LUGLIO ASSEMBLEA PUBBLICA DI FEDERAZIONE CARTA E GRAFICA - Acimga\",\"isPartOf\":{\"@id\":\"https:\\\/\\\/acimga.it\\\/it\\\/#website\"},\"primaryImageOfPage\":{\"@id\":\"https:\\\/\\\/acimga.it\\\/it\\\/save-the-date-il-22-luglio-assemblea-pubblica-di-federazione-carta-e-grafica\\\/#primaryimage\"},\"image\":{\"@id\":\"https:\\\/\\\/acimga.it\\\/it\\\/save-the-date-il-22-luglio-assemblea-pubblica-di-federazione-carta-e-grafica\\\/#primaryimage\"},\"thumbnailUrl\":\"https:\\\/\\\/acimga.it\\\/wp-content\\\/uploads\\\/2021\\\/07\\\/StD_22072021_FCG.jpg\",\"datePublished\":\"2021-07-12T12:51:14+00:00\",\"dateModified\":\"2021-07-26T11:28:14+00:00\",\"breadcrumb\":{\"@id\":\"https:\\\/\\\/acimga.it\\\/it\\\/save-the-date-il-22-luglio-assemblea-pubblica-di-federazione-carta-e-grafica\\\/#breadcrumb\"},\"inLanguage\":\"it-IT\",\"potentialAction\":[{\"@type\":\"ReadAction\",\"target\":[\"https:\\\/\\\/acimga.it\\\/it\\\/save-the-date-il-22-luglio-assemblea-pubblica-di-federazione-carta-e-grafica\\\/\"]}]},{\"@type\":\"ImageObject\",\"inLanguage\":\"it-IT\",\"@id\":\"https:\\\/\\\/acimga.it\\\/it\\\/save-the-date-il-22-luglio-assemblea-pubblica-di-federazione-carta-e-grafica\\\/#primaryimage\",\"url\":\"https:\\\/\\\/acimga.it\\\/wp-content\\\/uploads\\\/2021\\\/07\\\/StD_22072021_FCG.jpg\",\"contentUrl\":\"https:\\\/\\\/acimga.it\\\/wp-content\\\/uploads\\\/2021\\\/07\\\/StD_22072021_FCG.jpg\",\"width\":2339,\"height\":1315},{\"@type\":\"BreadcrumbList\",\"@id\":\"https:\\\/\\\/acimga.it\\\/it\\\/save-the-date-il-22-luglio-assemblea-pubblica-di-federazione-carta-e-grafica\\\/#breadcrumb\",\"itemListElement\":[{\"@type\":\"ListItem\",\"position\":1,\"name\":\"Home\",\"item\":\"https:\\\/\\\/acimga.it\\\/it\\\/\"},{\"@type\":\"ListItem\",\"position\":2,\"name\":\"SAVE THE DATE &#8211; IL 22 LUGLIO ASSEMBLEA PUBBLICA DI FEDERAZIONE CARTA E GRAFICA\"}]},{\"@type\":\"WebSite\",\"@id\":\"https:\\\/\\\/acimga.it\\\/it\\\/#website\",\"url\":\"https:\\\/\\\/acimga.it\\\/it\\\/\",\"name\":\"Acimga\",\"description\":\"Costruttori Italiani di Macchine per l\u2019Industria Grafica, Cartotecnica, Cartaria, di Trasformazione e Affini\",\"publisher\":{\"@id\":\"https:\\\/\\\/acimga.it\\\/it\\\/#organization\"},\"potentialAction\":[{\"@type\":\"SearchAction\",\"target\":{\"@type\":\"EntryPoint\",\"urlTemplate\":\"https:\\\/\\\/acimga.it\\\/it\\\/?s={search_term_string}\"},\"query-input\":{\"@type\":\"PropertyValueSpecification\",\"valueRequired\":true,\"valueName\":\"search_term_string\"}}],\"inLanguage\":\"it-IT\"},{\"@type\":\"Organization\",\"@id\":\"https:\\\/\\\/acimga.it\\\/it\\\/#organization\",\"name\":\"ACIMGA\",\"url\":\"https:\\\/\\\/acimga.it\\\/it\\\/\",\"logo\":{\"@type\":\"ImageObject\",\"inLanguage\":\"it-IT\",\"@id\":\"https:\\\/\\\/acimga.it\\\/it\\\/#\\\/schema\\\/logo\\\/image\\\/\",\"url\":\"https:\\\/\\\/acimga.it\\\/wp-content\\\/uploads\\\/2020\\\/11\\\/logo-payoff.svg\",\"contentUrl\":\"https:\\\/\\\/acimga.it\\\/wp-content\\\/uploads\\\/2020\\\/11\\\/logo-payoff.svg\",\"width\":288,\"height\":80,\"caption\":\"ACIMGA\"},\"image\":{\"@id\":\"https:\\\/\\\/acimga.it\\\/it\\\/#\\\/schema\\\/logo\\\/image\\\/\"},\"sameAs\":[\"https:\\\/\\\/x.com\\\/Acimga1947\",\"https:\\\/\\\/www.linkedin.com\\\/company\\\/acimga?trk=nmp_rec_act_company_photo\",\"https:\\\/\\\/www.youtube.com\\\/channel\\\/UCqzHaOsul8rWTGHSrvq3FUw\\\/videos\"]},{\"@type\":\"Person\",\"@id\":\"https:\\\/\\\/acimga.it\\\/it\\\/#\\\/schema\\\/person\\\/e7d66db085dfe21491c14f371f7f8a9a\",\"name\":\"Gwyn Garrett\",\"image\":{\"@type\":\"ImageObject\",\"inLanguage\":\"it-IT\",\"@id\":\"https:\\\/\\\/secure.gravatar.com\\\/avatar\\\/3aef2eca19bf1643ebeb9a8c157d0f87d1f35cd02b69794dd6130fe56ee6afd0?s=96&d=mm&r=g\",\"url\":\"https:\\\/\\\/secure.gravatar.com\\\/avatar\\\/3aef2eca19bf1643ebeb9a8c157d0f87d1f35cd02b69794dd6130fe56ee6afd0?s=96&d=mm&r=g\",\"contentUrl\":\"https:\\\/\\\/secure.gravatar.com\\\/avatar\\\/3aef2eca19bf1643ebeb9a8c157d0f87d1f35cd02b69794dd6130fe56ee6afd0?s=96&d=mm&r=g\",\"caption\":\"Gwyn Garrett\"},\"url\":\"https:\\\/\\\/acimga.it\\\/it\\\/author\\\/gwynedd\\\/\"}]}<\/script>\n<!-- \/ Yoast SEO plugin. -->","yoast_head_json":{"title":"SAVE THE DATE - IL 22 LUGLIO ASSEMBLEA PUBBLICA DI FEDERAZIONE CARTA E GRAFICA - Acimga","robots":{"index":"index","follow":"follow","max-snippet":"max-snippet:-1","max-image-preview":"max-image-preview:large","max-video-preview":"max-video-preview:-1"},"canonical":"https:\/\/acimga.it\/it\/save-the-date-il-22-luglio-assemblea-pubblica-di-federazione-carta-e-grafica\/","og_locale":"it_IT","og_type":"article","og_title":"SAVE THE DATE - IL 22 LUGLIO ASSEMBLEA PUBBLICA DI FEDERAZIONE CARTA E GRAFICA - Acimga","og_description":"Gioved\u00ec 22 luglio a partire dalle ore 11:00 si terr\u00e0 l&#8217;Assemblea Pubblica della Federazione Carta e Grafica, in diretta streaming sul sito ilsole24ore.com. L&#8217;incontro sar\u00e0 focalizzato sul ruolo chiave della Federazione nella transizione ecologica e digitale, temi che coinvolgono sempre pi\u00f9 da vicino l&#8217;intera filiera della stampa, della grafica e del packaging. Per partecipare \u00e8 [&hellip;]","og_url":"https:\/\/acimga.it\/it\/save-the-date-il-22-luglio-assemblea-pubblica-di-federazione-carta-e-grafica\/","og_site_name":"Acimga","article_published_time":"2021-07-12T12:51:14+00:00","article_modified_time":"2021-07-26T11:28:14+00:00","og_image":[{"width":2339,"height":1315,"url":"https:\/\/acimga.it\/wp-content\/uploads\/2021\/07\/StD_22072021_FCG.jpg","type":"image\/jpeg"}],"author":"Gwyn Garrett","twitter_card":"summary_large_image","twitter_creator":"@Acimga1947","twitter_site":"@Acimga1947","twitter_misc":{"Scritto da":"Gwyn Garrett","Tempo di lettura stimato":"1 minuto"},"schema":{"@context":"https:\/\/schema.org","@graph":[{"@type":"Article","@id":"https:\/\/acimga.it\/it\/save-the-date-il-22-luglio-assemblea-pubblica-di-federazione-carta-e-grafica\/#article","isPartOf":{"@id":"https:\/\/acimga.it\/it\/save-the-date-il-22-luglio-assemblea-pubblica-di-federazione-carta-e-grafica\/"},"author":{"name":"Gwyn Garrett","@id":"https:\/\/acimga.it\/it\/#\/schema\/person\/e7d66db085dfe21491c14f371f7f8a9a"},"headline":"SAVE THE DATE &#8211; IL 22 LUGLIO ASSEMBLEA PUBBLICA DI FEDERAZIONE CARTA E GRAFICA","datePublished":"2021-07-12T12:51:14+00:00","dateModified":"2021-07-26T11:28:14+00:00","mainEntityOfPage":{"@id":"https:\/\/acimga.it\/it\/save-the-date-il-22-luglio-assemblea-pubblica-di-federazione-carta-e-grafica\/"},"wordCount":130,"commentCount":0,"publisher":{"@id":"https:\/\/acimga.it\/it\/#organization"},"image":{"@id":"https:\/\/acimga.it\/it\/save-the-date-il-22-luglio-assemblea-pubblica-di-federazione-carta-e-grafica\/#primaryimage"},"thumbnailUrl":"https:\/\/acimga.it\/wp-content\/uploads\/2021\/07\/StD_22072021_FCG.jpg","articleSection":["Comunicazione"],"inLanguage":"it-IT","potentialAction":[{"@type":"CommentAction","name":"Comment","target":["https:\/\/acimga.it\/it\/save-the-date-il-22-luglio-assemblea-pubblica-di-federazione-carta-e-grafica\/#respond"]}]},{"@type":"WebPage","@id":"https:\/\/acimga.it\/it\/save-the-date-il-22-luglio-assemblea-pubblica-di-federazione-carta-e-grafica\/","url":"https:\/\/acimga.it\/it\/save-the-date-il-22-luglio-assemblea-pubblica-di-federazione-carta-e-grafica\/","name":"SAVE THE DATE - IL 22 LUGLIO ASSEMBLEA PUBBLICA DI FEDERAZIONE CARTA E GRAFICA - Acimga","isPartOf":{"@id":"https:\/\/acimga.it\/it\/#website"},"primaryImageOfPage":{"@id":"https:\/\/acimga.it\/it\/save-the-date-il-22-luglio-assemblea-pubblica-di-federazione-carta-e-grafica\/#primaryimage"},"image":{"@id":"https:\/\/acimga.it\/it\/save-the-date-il-22-luglio-assemblea-pubblica-di-federazione-carta-e-grafica\/#primaryimage"},"thumbnailUrl":"https:\/\/acimga.it\/wp-content\/uploads\/2021\/07\/StD_22072021_FCG.jpg","datePublished":"2021-07-12T12:51:14+00:00","dateModified":"2021-07-26T11:28:14+00:00","breadcrumb":{"@id":"https:\/\/acimga.it\/it\/save-the-date-il-22-luglio-assemblea-pubblica-di-federazione-carta-e-grafica\/#breadcrumb"},"inLanguage":"it-IT","potentialAction":[{"@type":"ReadAction","target":["https:\/\/acimga.it\/it\/save-the-date-il-22-luglio-assemblea-pubblica-di-federazione-carta-e-grafica\/"]}]},{"@type":"ImageObject","inLanguage":"it-IT","@id":"https:\/\/acimga.it\/it\/save-the-date-il-22-luglio-assemblea-pubblica-di-federazione-carta-e-grafica\/#primaryimage","url":"https:\/\/acimga.it\/wp-content\/uploads\/2021\/07\/StD_22072021_FCG.jpg","contentUrl":"https:\/\/acimga.it\/wp-content\/uploads\/2021\/07\/StD_22072021_FCG.jpg","width":2339,"height":1315},{"@type":"BreadcrumbList","@id":"https:\/\/acimga.it\/it\/save-the-date-il-22-luglio-assemblea-pubblica-di-federazione-carta-e-grafica\/#breadcrumb","itemListElement":[{"@type":"ListItem","position":1,"name":"Home","item":"https:\/\/acimga.it\/it\/"},{"@type":"ListItem","position":2,"name":"SAVE THE DATE &#8211; IL 22 LUGLIO ASSEMBLEA PUBBLICA DI FEDERAZIONE CARTA E GRAFICA"}]},{"@type":"WebSite","@id":"https:\/\/acimga.it\/it\/#website","url":"https:\/\/acimga.it\/it\/","name":"Acimga","description":"Costruttori Italiani di Macchine per l\u2019Industria Grafica, Cartotecnica, Cartaria, di Trasformazione e Affini","publisher":{"@id":"https:\/\/acimga.it\/it\/#organization"},"potentialAction":[{"@type":"SearchAction","target":{"@type":"EntryPoint","urlTemplate":"https:\/\/acimga.it\/it\/?s={search_term_string}"},"query-input":{"@type":"PropertyValueSpecification","valueRequired":true,"valueName":"search_term_string"}}],"inLanguage":"it-IT"},{"@type":"Organization","@id":"https:\/\/acimga.it\/it\/#organization","name":"ACIMGA","url":"https:\/\/acimga.it\/it\/","logo":{"@type":"ImageObject","inLanguage":"it-IT","@id":"https:\/\/acimga.it\/it\/#\/schema\/logo\/image\/","url":"https:\/\/acimga.it\/wp-content\/uploads\/2020\/11\/logo-payoff.svg","contentUrl":"https:\/\/acimga.it\/wp-content\/uploads\/2020\/11\/logo-payoff.svg","width":288,"height":80,"caption":"ACIMGA"},"image":{"@id":"https:\/\/acimga.it\/it\/#\/schema\/logo\/image\/"},"sameAs":["https:\/\/x.com\/Acimga1947","https:\/\/www.linkedin.com\/company\/acimga?trk=nmp_rec_act_company_photo","https:\/\/www.youtube.com\/channel\/UCqzHaOsul8rWTGHSrvq3FUw\/videos"]},{"@type":"Person","@id":"https:\/\/acimga.it\/it\/#\/schema\/person\/e7d66db085dfe21491c14f371f7f8a9a","name":"Gwyn Garrett","image":{"@type":"ImageObject","inLanguage":"it-IT","@id":"https:\/\/secure.gravatar.com\/avatar\/3aef2eca19bf1643ebeb9a8c157d0f87d1f35cd02b69794dd6130fe56ee6afd0?s=96&d=mm&r=g","url":"https:\/\/secure.gravatar.com\/avatar\/3aef2eca19bf1643ebeb9a8c157d0f87d1f35cd02b69794dd6130fe56ee6afd0?s=96&d=mm&r=g","contentUrl":"https:\/\/secure.gravatar.com\/avatar\/3aef2eca19bf1643ebeb9a8c157d0f87d1f35cd02b69794dd6130fe56ee6afd0?s=96&d=mm&r=g","caption":"Gwyn Garrett"},"url":"https:\/\/acimga.it\/it\/author\/gwynedd\/"}]}},"_links":{"self":[{"href":"https:\/\/acimga.it\/it\/wp-json\/wp\/v2\/posts\/8110","targetHints":{"allow":["GET"]}}],"collection":[{"href":"https:\/\/acimga.it\/it\/wp-json\/wp\/v2\/posts"}],"about":[{"href":"https:\/\/acimga.it\/it\/wp-json\/wp\/v2\/types\/post"}],"author":[{"embeddable":true,"href":"https:\/\/acimga.it\/it\/wp-json\/wp\/v2\/users\/586"}],"replies":[{"embeddable":true,"href":"https:\/\/acimga.it\/it\/wp-json\/wp\/v2\/comments?post=8110"}],"version-history":[{"count":4,"href":"https:\/\/acimga.it\/it\/wp-json\/wp\/v2\/posts\/8110\/revisions"}],"predecessor-version":[{"id":8116,"href":"https:\/\/acimga.it\/it\/wp-json\/wp\/v2\/posts\/8110\/revisions\/8116"}],"wp:featuredmedia":[{"embeddable":true,"href":"https:\/\/acimga.it\/it\/wp-json\/wp\/v2\/media\/8112"}],"wp:attachment":[{"href":"https:\/\/acimga.it\/it\/wp-json\/wp\/v2\/media?parent=8110"}],"wp:term":[{"taxonomy":"category","embeddable":true,"href":"https:\/\/acimga.it\/it\/wp-json\/wp\/v2\/categories?post=8110"},{"taxonomy":"post_tag","embeddable":true,"href":"https:\/\/acimga.it\/it\/wp-json\/wp\/v2\/tags?post=8110"}],"curies":[{"name":"wp","href":"https:\/\/api.w.org\/{rel}","templated":true}]}}