{"id":8008,"date":"2021-06-14T11:05:41","date_gmt":"2021-06-14T11:05:41","guid":{"rendered":"https:\/\/acimga.it\/?p=8008"},"modified":"2021-06-14T11:05:41","modified_gmt":"2021-06-14T11:05:41","slug":"future-factory-2021-15-e-16-settembre-al-the-theatre-di-milano","status":"publish","type":"post","link":"https:\/\/acimga.it\/it\/future-factory-2021-15-e-16-settembre-al-the-theatre-di-milano\/","title":{"rendered":"FUTURE FACTORY 2021 &#8211; 15 E 16 SETTEMBRE AL THE THEATRE DI MILANO"},"content":{"rendered":"<p>Annunciate finalmente le nuove date <strong>Future Factory<\/strong>. Il grande appuntamento si terr\u00e0 il <strong>mercoled\u00ec 15 e gioved\u00ec 16 settembre 2021 in diretta dal The Theatre di Milano<\/strong>, in modalit\u00e0 mista, sia in presenza che in streaming.<\/p>\n<p><strong>Future Factory 2021<\/strong> diventa cos\u00ec a tutti gli effetti un evento\u00a0<em>phygital<\/em>, che moltiplica le possibilit\u00e0 e gli incontri di un evento di riferimento per tutta la community del package printing, pensato per riflettere e confrontarsi sul futuro, sui nuovi strumenti a disposizione, sulle buone pratiche e le prospettive di un domani al servizio dell\u2019uomo.<br \/>\nLo spostamento a settembre punta anche ad un ampliamento della platea, spostando il target dalla filiera, riferimento storico del grande appuntamento annuale, ad una <strong>community ben pi\u00f9 ampia: <\/strong>con un sempre maggior numero di consumatori che chiedono alle industrie e alle aziende di essere responsabili nei confronti della societ\u00e0 e dell&#8217;ambiente, diventa essenziale partire da valori condivisi, parlando a tutti gli attori della catena comunicativa, e coinvolgendo il mondo del marketing e della comunicazione. Immutato il programma presentato in anteprima alla preview del 14 aprile, ulteriormente arricchito di preziosi ed importantissimi contributi che saranno presto annunciati.<\/p>\n<p><strong>Partecipare a Future-Factory 2021 \u00e8 un\u2019opportunit\u00e0 da non perdere; <\/strong>rimani sempre aggiornato sulle ultime novit\u00e0 Future Factory 2021 su <span style=\"color: #0000ff;\"><em><a style=\"color: #0000ff;\" href=\"https:\/\/www.future-factory.it\/\">www.future-factory.it<\/a>.\u00a0<\/em><\/span><\/p>\n","protected":false},"excerpt":{"rendered":"<p>Annunciate finalmente le nuove date Future Factory. Il grande appuntamento si terr\u00e0 il mercoled\u00ec 15 e gioved\u00ec 16 settembre 2021 in diretta dal The Theatre di Milano, in modalit\u00e0 mista, sia in presenza che in streaming. Future Factory 2021 diventa cos\u00ec a tutti gli effetti un evento\u00a0phygital, che moltiplica le possibilit\u00e0 e gli incontri di [&hellip;]<\/p>\n","protected":false},"author":586,"featured_media":7969,"comment_status":"open","ping_status":"open","sticky":false,"template":"","format":"standard","meta":{"_et_pb_use_builder":"","_et_pb_old_content":"","_et_gb_content_width":"","footnotes":""},"categories":[1,14],"tags":[],"class_list":["post-8008","post","type-post","status-publish","format-standard","has-post-thumbnail","hentry","category-news","category-internazionalizzazione"],"acf":[],"yoast_head":"<!-- This site is optimized with the Yoast SEO plugin v27.5 - https:\/\/yoast.com\/product\/yoast-seo-wordpress\/ -->\n<title>FUTURE FACTORY 2021 - 15 E 16 SETTEMBRE AL THE THEATRE DI MILANO - Acimga<\/title>\n<meta name=\"robots\" content=\"index, follow, max-snippet:-1, max-image-preview:large, max-video-preview:-1\" \/>\n<link rel=\"canonical\" href=\"https:\/\/acimga.it\/it\/future-factory-2021-15-e-16-settembre-al-the-theatre-di-milano\/\" \/>\n<meta property=\"og:locale\" content=\"it_IT\" \/>\n<meta property=\"og:type\" content=\"article\" \/>\n<meta property=\"og:title\" content=\"FUTURE FACTORY 2021 - 15 E 16 SETTEMBRE AL THE THEATRE DI MILANO - Acimga\" \/>\n<meta property=\"og:description\" content=\"Annunciate finalmente le nuove date Future Factory. Il grande appuntamento si terr\u00e0 il mercoled\u00ec 15 e gioved\u00ec 16 settembre 2021 in diretta dal The Theatre di Milano, in modalit\u00e0 mista, sia in presenza che in streaming. Future Factory 2021 diventa cos\u00ec a tutti gli effetti un evento\u00a0phygital, che moltiplica le possibilit\u00e0 e gli incontri di [&hellip;]\" \/>\n<meta property=\"og:url\" content=\"https:\/\/acimga.it\/it\/future-factory-2021-15-e-16-settembre-al-the-theatre-di-milano\/\" \/>\n<meta property=\"og:site_name\" content=\"Acimga\" \/>\n<meta property=\"article:published_time\" content=\"2021-06-14T11:05:41+00:00\" \/>\n<meta property=\"og:image\" content=\"https:\/\/acimga.it\/wp-content\/uploads\/2021\/06\/IT_ACIMGA-FF_700x500.jpg\" \/>\n\t<meta property=\"og:image:width\" content=\"700\" \/>\n\t<meta property=\"og:image:height\" content=\"500\" \/>\n\t<meta property=\"og:image:type\" content=\"image\/jpeg\" \/>\n<meta name=\"author\" content=\"Gwyn Garrett\" \/>\n<meta name=\"twitter:card\" content=\"summary_large_image\" \/>\n<meta name=\"twitter:creator\" content=\"@Acimga1947\" \/>\n<meta name=\"twitter:site\" content=\"@Acimga1947\" \/>\n<meta name=\"twitter:label1\" content=\"Scritto da\" \/>\n\t<meta name=\"twitter:data1\" content=\"Gwyn Garrett\" \/>\n\t<meta name=\"twitter:label2\" content=\"Tempo di lettura stimato\" \/>\n\t<meta name=\"twitter:data2\" content=\"1 minuto\" \/>\n<script type=\"application\/ld+json\" class=\"yoast-schema-graph\">{\"@context\":\"https:\\\/\\\/schema.org\",\"@graph\":[{\"@type\":\"Article\",\"@id\":\"https:\\\/\\\/acimga.it\\\/it\\\/future-factory-2021-15-e-16-settembre-al-the-theatre-di-milano\\\/#article\",\"isPartOf\":{\"@id\":\"https:\\\/\\\/acimga.it\\\/it\\\/future-factory-2021-15-e-16-settembre-al-the-theatre-di-milano\\\/\"},\"author\":{\"name\":\"Gwyn Garrett\",\"@id\":\"https:\\\/\\\/acimga.it\\\/it\\\/#\\\/schema\\\/person\\\/e7d66db085dfe21491c14f371f7f8a9a\"},\"headline\":\"FUTURE FACTORY 2021 &#8211; 15 E 16 SETTEMBRE AL THE THEATRE DI MILANO\",\"datePublished\":\"2021-06-14T11:05:41+00:00\",\"mainEntityOfPage\":{\"@id\":\"https:\\\/\\\/acimga.it\\\/it\\\/future-factory-2021-15-e-16-settembre-al-the-theatre-di-milano\\\/\"},\"wordCount\":214,\"commentCount\":0,\"publisher\":{\"@id\":\"https:\\\/\\\/acimga.it\\\/it\\\/#organization\"},\"image\":{\"@id\":\"https:\\\/\\\/acimga.it\\\/it\\\/future-factory-2021-15-e-16-settembre-al-the-theatre-di-milano\\\/#primaryimage\"},\"thumbnailUrl\":\"https:\\\/\\\/acimga.it\\\/wp-content\\\/uploads\\\/2021\\\/06\\\/IT_ACIMGA-FF_700x500.jpg\",\"articleSection\":[\"Comunicazione\",\"Internazionalizzazione\"],\"inLanguage\":\"it-IT\",\"potentialAction\":[{\"@type\":\"CommentAction\",\"name\":\"Comment\",\"target\":[\"https:\\\/\\\/acimga.it\\\/it\\\/future-factory-2021-15-e-16-settembre-al-the-theatre-di-milano\\\/#respond\"]}]},{\"@type\":\"WebPage\",\"@id\":\"https:\\\/\\\/acimga.it\\\/it\\\/future-factory-2021-15-e-16-settembre-al-the-theatre-di-milano\\\/\",\"url\":\"https:\\\/\\\/acimga.it\\\/it\\\/future-factory-2021-15-e-16-settembre-al-the-theatre-di-milano\\\/\",\"name\":\"FUTURE FACTORY 2021 - 15 E 16 SETTEMBRE AL THE THEATRE DI MILANO - Acimga\",\"isPartOf\":{\"@id\":\"https:\\\/\\\/acimga.it\\\/it\\\/#website\"},\"primaryImageOfPage\":{\"@id\":\"https:\\\/\\\/acimga.it\\\/it\\\/future-factory-2021-15-e-16-settembre-al-the-theatre-di-milano\\\/#primaryimage\"},\"image\":{\"@id\":\"https:\\\/\\\/acimga.it\\\/it\\\/future-factory-2021-15-e-16-settembre-al-the-theatre-di-milano\\\/#primaryimage\"},\"thumbnailUrl\":\"https:\\\/\\\/acimga.it\\\/wp-content\\\/uploads\\\/2021\\\/06\\\/IT_ACIMGA-FF_700x500.jpg\",\"datePublished\":\"2021-06-14T11:05:41+00:00\",\"breadcrumb\":{\"@id\":\"https:\\\/\\\/acimga.it\\\/it\\\/future-factory-2021-15-e-16-settembre-al-the-theatre-di-milano\\\/#breadcrumb\"},\"inLanguage\":\"it-IT\",\"potentialAction\":[{\"@type\":\"ReadAction\",\"target\":[\"https:\\\/\\\/acimga.it\\\/it\\\/future-factory-2021-15-e-16-settembre-al-the-theatre-di-milano\\\/\"]}]},{\"@type\":\"ImageObject\",\"inLanguage\":\"it-IT\",\"@id\":\"https:\\\/\\\/acimga.it\\\/it\\\/future-factory-2021-15-e-16-settembre-al-the-theatre-di-milano\\\/#primaryimage\",\"url\":\"https:\\\/\\\/acimga.it\\\/wp-content\\\/uploads\\\/2021\\\/06\\\/IT_ACIMGA-FF_700x500.jpg\",\"contentUrl\":\"https:\\\/\\\/acimga.it\\\/wp-content\\\/uploads\\\/2021\\\/06\\\/IT_ACIMGA-FF_700x500.jpg\",\"width\":700,\"height\":500},{\"@type\":\"BreadcrumbList\",\"@id\":\"https:\\\/\\\/acimga.it\\\/it\\\/future-factory-2021-15-e-16-settembre-al-the-theatre-di-milano\\\/#breadcrumb\",\"itemListElement\":[{\"@type\":\"ListItem\",\"position\":1,\"name\":\"Home\",\"item\":\"https:\\\/\\\/acimga.it\\\/it\\\/\"},{\"@type\":\"ListItem\",\"position\":2,\"name\":\"FUTURE FACTORY 2021 &#8211; 15 E 16 SETTEMBRE AL THE THEATRE DI MILANO\"}]},{\"@type\":\"WebSite\",\"@id\":\"https:\\\/\\\/acimga.it\\\/it\\\/#website\",\"url\":\"https:\\\/\\\/acimga.it\\\/it\\\/\",\"name\":\"Acimga\",\"description\":\"Costruttori Italiani di Macchine per l\u2019Industria Grafica, Cartotecnica, Cartaria, di Trasformazione e Affini\",\"publisher\":{\"@id\":\"https:\\\/\\\/acimga.it\\\/it\\\/#organization\"},\"potentialAction\":[{\"@type\":\"SearchAction\",\"target\":{\"@type\":\"EntryPoint\",\"urlTemplate\":\"https:\\\/\\\/acimga.it\\\/it\\\/?s={search_term_string}\"},\"query-input\":{\"@type\":\"PropertyValueSpecification\",\"valueRequired\":true,\"valueName\":\"search_term_string\"}}],\"inLanguage\":\"it-IT\"},{\"@type\":\"Organization\",\"@id\":\"https:\\\/\\\/acimga.it\\\/it\\\/#organization\",\"name\":\"ACIMGA\",\"url\":\"https:\\\/\\\/acimga.it\\\/it\\\/\",\"logo\":{\"@type\":\"ImageObject\",\"inLanguage\":\"it-IT\",\"@id\":\"https:\\\/\\\/acimga.it\\\/it\\\/#\\\/schema\\\/logo\\\/image\\\/\",\"url\":\"https:\\\/\\\/acimga.it\\\/wp-content\\\/uploads\\\/2020\\\/11\\\/logo-payoff.svg\",\"contentUrl\":\"https:\\\/\\\/acimga.it\\\/wp-content\\\/uploads\\\/2020\\\/11\\\/logo-payoff.svg\",\"width\":288,\"height\":80,\"caption\":\"ACIMGA\"},\"image\":{\"@id\":\"https:\\\/\\\/acimga.it\\\/it\\\/#\\\/schema\\\/logo\\\/image\\\/\"},\"sameAs\":[\"https:\\\/\\\/x.com\\\/Acimga1947\",\"https:\\\/\\\/www.linkedin.com\\\/company\\\/acimga?trk=nmp_rec_act_company_photo\",\"https:\\\/\\\/www.youtube.com\\\/channel\\\/UCqzHaOsul8rWTGHSrvq3FUw\\\/videos\"]},{\"@type\":\"Person\",\"@id\":\"https:\\\/\\\/acimga.it\\\/it\\\/#\\\/schema\\\/person\\\/e7d66db085dfe21491c14f371f7f8a9a\",\"name\":\"Gwyn Garrett\",\"image\":{\"@type\":\"ImageObject\",\"inLanguage\":\"it-IT\",\"@id\":\"https:\\\/\\\/secure.gravatar.com\\\/avatar\\\/3aef2eca19bf1643ebeb9a8c157d0f87d1f35cd02b69794dd6130fe56ee6afd0?s=96&d=mm&r=g\",\"url\":\"https:\\\/\\\/secure.gravatar.com\\\/avatar\\\/3aef2eca19bf1643ebeb9a8c157d0f87d1f35cd02b69794dd6130fe56ee6afd0?s=96&d=mm&r=g\",\"contentUrl\":\"https:\\\/\\\/secure.gravatar.com\\\/avatar\\\/3aef2eca19bf1643ebeb9a8c157d0f87d1f35cd02b69794dd6130fe56ee6afd0?s=96&d=mm&r=g\",\"caption\":\"Gwyn Garrett\"},\"url\":\"https:\\\/\\\/acimga.it\\\/it\\\/author\\\/gwynedd\\\/\"}]}<\/script>\n<!-- \/ Yoast SEO plugin. -->","yoast_head_json":{"title":"FUTURE FACTORY 2021 - 15 E 16 SETTEMBRE AL THE THEATRE DI MILANO - Acimga","robots":{"index":"index","follow":"follow","max-snippet":"max-snippet:-1","max-image-preview":"max-image-preview:large","max-video-preview":"max-video-preview:-1"},"canonical":"https:\/\/acimga.it\/it\/future-factory-2021-15-e-16-settembre-al-the-theatre-di-milano\/","og_locale":"it_IT","og_type":"article","og_title":"FUTURE FACTORY 2021 - 15 E 16 SETTEMBRE AL THE THEATRE DI MILANO - Acimga","og_description":"Annunciate finalmente le nuove date Future Factory. Il grande appuntamento si terr\u00e0 il mercoled\u00ec 15 e gioved\u00ec 16 settembre 2021 in diretta dal The Theatre di Milano, in modalit\u00e0 mista, sia in presenza che in streaming. Future Factory 2021 diventa cos\u00ec a tutti gli effetti un evento\u00a0phygital, che moltiplica le possibilit\u00e0 e gli incontri di [&hellip;]","og_url":"https:\/\/acimga.it\/it\/future-factory-2021-15-e-16-settembre-al-the-theatre-di-milano\/","og_site_name":"Acimga","article_published_time":"2021-06-14T11:05:41+00:00","og_image":[{"width":700,"height":500,"url":"https:\/\/acimga.it\/wp-content\/uploads\/2021\/06\/IT_ACIMGA-FF_700x500.jpg","type":"image\/jpeg"}],"author":"Gwyn Garrett","twitter_card":"summary_large_image","twitter_creator":"@Acimga1947","twitter_site":"@Acimga1947","twitter_misc":{"Scritto da":"Gwyn Garrett","Tempo di lettura stimato":"1 minuto"},"schema":{"@context":"https:\/\/schema.org","@graph":[{"@type":"Article","@id":"https:\/\/acimga.it\/it\/future-factory-2021-15-e-16-settembre-al-the-theatre-di-milano\/#article","isPartOf":{"@id":"https:\/\/acimga.it\/it\/future-factory-2021-15-e-16-settembre-al-the-theatre-di-milano\/"},"author":{"name":"Gwyn Garrett","@id":"https:\/\/acimga.it\/it\/#\/schema\/person\/e7d66db085dfe21491c14f371f7f8a9a"},"headline":"FUTURE FACTORY 2021 &#8211; 15 E 16 SETTEMBRE AL THE THEATRE DI MILANO","datePublished":"2021-06-14T11:05:41+00:00","mainEntityOfPage":{"@id":"https:\/\/acimga.it\/it\/future-factory-2021-15-e-16-settembre-al-the-theatre-di-milano\/"},"wordCount":214,"commentCount":0,"publisher":{"@id":"https:\/\/acimga.it\/it\/#organization"},"image":{"@id":"https:\/\/acimga.it\/it\/future-factory-2021-15-e-16-settembre-al-the-theatre-di-milano\/#primaryimage"},"thumbnailUrl":"https:\/\/acimga.it\/wp-content\/uploads\/2021\/06\/IT_ACIMGA-FF_700x500.jpg","articleSection":["Comunicazione","Internazionalizzazione"],"inLanguage":"it-IT","potentialAction":[{"@type":"CommentAction","name":"Comment","target":["https:\/\/acimga.it\/it\/future-factory-2021-15-e-16-settembre-al-the-theatre-di-milano\/#respond"]}]},{"@type":"WebPage","@id":"https:\/\/acimga.it\/it\/future-factory-2021-15-e-16-settembre-al-the-theatre-di-milano\/","url":"https:\/\/acimga.it\/it\/future-factory-2021-15-e-16-settembre-al-the-theatre-di-milano\/","name":"FUTURE FACTORY 2021 - 15 E 16 SETTEMBRE AL THE THEATRE DI MILANO - Acimga","isPartOf":{"@id":"https:\/\/acimga.it\/it\/#website"},"primaryImageOfPage":{"@id":"https:\/\/acimga.it\/it\/future-factory-2021-15-e-16-settembre-al-the-theatre-di-milano\/#primaryimage"},"image":{"@id":"https:\/\/acimga.it\/it\/future-factory-2021-15-e-16-settembre-al-the-theatre-di-milano\/#primaryimage"},"thumbnailUrl":"https:\/\/acimga.it\/wp-content\/uploads\/2021\/06\/IT_ACIMGA-FF_700x500.jpg","datePublished":"2021-06-14T11:05:41+00:00","breadcrumb":{"@id":"https:\/\/acimga.it\/it\/future-factory-2021-15-e-16-settembre-al-the-theatre-di-milano\/#breadcrumb"},"inLanguage":"it-IT","potentialAction":[{"@type":"ReadAction","target":["https:\/\/acimga.it\/it\/future-factory-2021-15-e-16-settembre-al-the-theatre-di-milano\/"]}]},{"@type":"ImageObject","inLanguage":"it-IT","@id":"https:\/\/acimga.it\/it\/future-factory-2021-15-e-16-settembre-al-the-theatre-di-milano\/#primaryimage","url":"https:\/\/acimga.it\/wp-content\/uploads\/2021\/06\/IT_ACIMGA-FF_700x500.jpg","contentUrl":"https:\/\/acimga.it\/wp-content\/uploads\/2021\/06\/IT_ACIMGA-FF_700x500.jpg","width":700,"height":500},{"@type":"BreadcrumbList","@id":"https:\/\/acimga.it\/it\/future-factory-2021-15-e-16-settembre-al-the-theatre-di-milano\/#breadcrumb","itemListElement":[{"@type":"ListItem","position":1,"name":"Home","item":"https:\/\/acimga.it\/it\/"},{"@type":"ListItem","position":2,"name":"FUTURE FACTORY 2021 &#8211; 15 E 16 SETTEMBRE AL THE THEATRE DI MILANO"}]},{"@type":"WebSite","@id":"https:\/\/acimga.it\/it\/#website","url":"https:\/\/acimga.it\/it\/","name":"Acimga","description":"Costruttori Italiani di Macchine per l\u2019Industria Grafica, Cartotecnica, Cartaria, di Trasformazione e Affini","publisher":{"@id":"https:\/\/acimga.it\/it\/#organization"},"potentialAction":[{"@type":"SearchAction","target":{"@type":"EntryPoint","urlTemplate":"https:\/\/acimga.it\/it\/?s={search_term_string}"},"query-input":{"@type":"PropertyValueSpecification","valueRequired":true,"valueName":"search_term_string"}}],"inLanguage":"it-IT"},{"@type":"Organization","@id":"https:\/\/acimga.it\/it\/#organization","name":"ACIMGA","url":"https:\/\/acimga.it\/it\/","logo":{"@type":"ImageObject","inLanguage":"it-IT","@id":"https:\/\/acimga.it\/it\/#\/schema\/logo\/image\/","url":"https:\/\/acimga.it\/wp-content\/uploads\/2020\/11\/logo-payoff.svg","contentUrl":"https:\/\/acimga.it\/wp-content\/uploads\/2020\/11\/logo-payoff.svg","width":288,"height":80,"caption":"ACIMGA"},"image":{"@id":"https:\/\/acimga.it\/it\/#\/schema\/logo\/image\/"},"sameAs":["https:\/\/x.com\/Acimga1947","https:\/\/www.linkedin.com\/company\/acimga?trk=nmp_rec_act_company_photo","https:\/\/www.youtube.com\/channel\/UCqzHaOsul8rWTGHSrvq3FUw\/videos"]},{"@type":"Person","@id":"https:\/\/acimga.it\/it\/#\/schema\/person\/e7d66db085dfe21491c14f371f7f8a9a","name":"Gwyn Garrett","image":{"@type":"ImageObject","inLanguage":"it-IT","@id":"https:\/\/secure.gravatar.com\/avatar\/3aef2eca19bf1643ebeb9a8c157d0f87d1f35cd02b69794dd6130fe56ee6afd0?s=96&d=mm&r=g","url":"https:\/\/secure.gravatar.com\/avatar\/3aef2eca19bf1643ebeb9a8c157d0f87d1f35cd02b69794dd6130fe56ee6afd0?s=96&d=mm&r=g","contentUrl":"https:\/\/secure.gravatar.com\/avatar\/3aef2eca19bf1643ebeb9a8c157d0f87d1f35cd02b69794dd6130fe56ee6afd0?s=96&d=mm&r=g","caption":"Gwyn Garrett"},"url":"https:\/\/acimga.it\/it\/author\/gwynedd\/"}]}},"_links":{"self":[{"href":"https:\/\/acimga.it\/it\/wp-json\/wp\/v2\/posts\/8008","targetHints":{"allow":["GET"]}}],"collection":[{"href":"https:\/\/acimga.it\/it\/wp-json\/wp\/v2\/posts"}],"about":[{"href":"https:\/\/acimga.it\/it\/wp-json\/wp\/v2\/types\/post"}],"author":[{"embeddable":true,"href":"https:\/\/acimga.it\/it\/wp-json\/wp\/v2\/users\/586"}],"replies":[{"embeddable":true,"href":"https:\/\/acimga.it\/it\/wp-json\/wp\/v2\/comments?post=8008"}],"version-history":[{"count":3,"href":"https:\/\/acimga.it\/it\/wp-json\/wp\/v2\/posts\/8008\/revisions"}],"predecessor-version":[{"id":8011,"href":"https:\/\/acimga.it\/it\/wp-json\/wp\/v2\/posts\/8008\/revisions\/8011"}],"wp:featuredmedia":[{"embeddable":true,"href":"https:\/\/acimga.it\/it\/wp-json\/wp\/v2\/media\/7969"}],"wp:attachment":[{"href":"https:\/\/acimga.it\/it\/wp-json\/wp\/v2\/media?parent=8008"}],"wp:term":[{"taxonomy":"category","embeddable":true,"href":"https:\/\/acimga.it\/it\/wp-json\/wp\/v2\/categories?post=8008"},{"taxonomy":"post_tag","embeddable":true,"href":"https:\/\/acimga.it\/it\/wp-json\/wp\/v2\/tags?post=8008"}],"curies":[{"name":"wp","href":"https:\/\/api.w.org\/{rel}","templated":true}]}}