{"id":13841,"date":"2026-05-03T14:46:04","date_gmt":"2026-05-03T14:46:04","guid":{"rendered":"https:\/\/acimga.it\/?p=13841"},"modified":"2026-05-03T14:46:04","modified_gmt":"2026-05-03T14:46:04","slug":"giornata-nazionale-del-made-in-italy-formazione-e-competenze-di-filiera","status":"publish","type":"post","link":"https:\/\/acimga.it\/it\/giornata-nazionale-del-made-in-italy-formazione-e-competenze-di-filiera\/","title":{"rendered":"GIORNATA NAZIONALE DEL MADE IN ITALY &#8211; FORMAZIONE E COMPETENZE DI FILIERA"},"content":{"rendered":"<p>In occasione della <strong>Giornata Nazionale del Made in Italy<\/strong>, Acimga ha partecipato a Parma all\u2019incontro dedicato a \u201cFormazione e competenze per il futuro della filiera della carta, della stampa e della trasformazione\u201d, organizzato da Federazione Carta e Grafica.<\/p>\n<p>L\u2019iniziativa ha rappresentato un momento di confronto tra imprese, istituzioni e mondo della formazione su un tema sempre pi\u00f9 strategico per il comparto del printing e del converting: lo sviluppo delle competenze necessarie ad accompagnare la trasformazione tecnologica e industriale in atto. In un contesto in cui le tecnologie evolvono rapidamente, tra digitalizzazione, automazione e integrazione dell\u2019intelligenza artificiale, la disponibilit\u00e0 di profili qualificati si configura come un fattore determinante per la competitivit\u00e0 delle imprese e per la continuit\u00e0 del sistema produttivo.<\/p>\n<p>Al centro del dibattito \u00e8 emersa con forza la necessit\u00e0 di sviluppare nuove professionalit\u00e0 in grado di governare processi sempre pi\u00f9 complessi, riducendo il divario tra domanda e offerta di lavoro e rendendo il settore pi\u00f9 attrattivo per i giovani.<\/p>\n<p>Un contributo concreto in questa direzione \u00e8 rappresentato dal docufilm <strong>\u201cMattia fa le scatole: storie di giovani in fabbrica\u201d<\/strong>, realizzato da ENIP-GCT in collaborazione con ACIMGA, ARGI, le principali associazioni della filiera e il supporto della Federazione. Il progetto racconta attraverso esperienze reali il valore delle professioni tecniche e il ruolo centrale delle nuove generazioni nelle imprese del settore, contribuendo a diffondere una narrazione pi\u00f9 consapevole e concreta delle opportunit\u00e0 offerte dall\u2019industria.<\/p>\n<p>Nel corso della tavola rotonda, il Direttore di Acimga, Enrico Barboglio, ha sottolineato come l\u2019evoluzione delle tecnologie renda sempre pi\u00f9 imprescindibile l\u2019investimento nelle competenze: <em>\u00abLe macchine sono sempre pi\u00f9 evolute, digitali e integrate con l\u2019intelligenza artificiale, ma senza competenze adeguate non \u00e8 possibile governare processi complessi. Per questo \u00e8 fondamentale intercettare i giovani gi\u00e0 nel percorso formativo, offrendo esperienze concrete che permettano di comprendere davvero cosa significa lavorare nella nostra industria\u00bb.<\/em><\/p>\n<p>Il confronto ha inoltre evidenziato il ruolo strategico del packaging all\u2019interno della filiera, non solo come prodotto industriale, ma come elemento capace di proteggere, valorizzare e comunicare il contenuto, contribuendo in modo determinante all\u2019identit\u00e0 e alla competitivit\u00e0 del Made in Italy.<\/p>\n<p>&nbsp;<\/p>\n","protected":false},"excerpt":{"rendered":"<p>In occasione della Giornata Nazionale del Made in Italy, Acimga ha partecipato a Parma all\u2019incontro dedicato a \u201cFormazione e competenze per il futuro della filiera della carta, della stampa e della trasformazione\u201d, organizzato da Federazione Carta e Grafica. L\u2019iniziativa ha rappresentato un momento di confronto tra imprese, istituzioni e mondo della formazione su un tema [&hellip;]<\/p>\n","protected":false},"author":586,"featured_media":13848,"comment_status":"open","ping_status":"open","sticky":false,"template":"","format":"standard","meta":{"_et_pb_use_builder":"off","_et_pb_old_content":"","_et_gb_content_width":"","footnotes":""},"categories":[1],"tags":[],"class_list":["post-13841","post","type-post","status-publish","format-standard","has-post-thumbnail","hentry","category-news"],"acf":[],"yoast_head":"<!-- This site is optimized with the Yoast SEO plugin v27.5 - https:\/\/yoast.com\/product\/yoast-seo-wordpress\/ -->\n<title>GIORNATA NAZIONALE DEL MADE IN ITALY - FORMAZIONE E COMPETENZE DI FILIERA - Acimga<\/title>\n<meta name=\"robots\" content=\"index, follow, max-snippet:-1, max-image-preview:large, max-video-preview:-1\" \/>\n<link rel=\"canonical\" href=\"https:\/\/acimga.it\/it\/giornata-nazionale-del-made-in-italy-formazione-e-competenze-di-filiera\/\" \/>\n<meta property=\"og:locale\" content=\"it_IT\" \/>\n<meta property=\"og:type\" content=\"article\" \/>\n<meta property=\"og:title\" content=\"GIORNATA NAZIONALE DEL MADE IN ITALY - FORMAZIONE E COMPETENZE DI FILIERA - Acimga\" \/>\n<meta property=\"og:description\" content=\"In occasione della Giornata Nazionale del Made in Italy, Acimga ha partecipato a Parma all\u2019incontro dedicato a \u201cFormazione e competenze per il futuro della filiera della carta, della stampa e della trasformazione\u201d, organizzato da Federazione Carta e Grafica. L\u2019iniziativa ha rappresentato un momento di confronto tra imprese, istituzioni e mondo della formazione su un tema [&hellip;]\" \/>\n<meta property=\"og:url\" content=\"https:\/\/acimga.it\/it\/giornata-nazionale-del-made-in-italy-formazione-e-competenze-di-filiera\/\" \/>\n<meta property=\"og:site_name\" content=\"Acimga\" \/>\n<meta property=\"article:published_time\" content=\"2026-05-03T14:46:04+00:00\" \/>\n<meta property=\"og:image\" content=\"https:\/\/acimga.it\/wp-content\/uploads\/2026\/04\/nl-apr-gnmi-fcg.png\" \/>\n\t<meta property=\"og:image:width\" content=\"800\" \/>\n\t<meta property=\"og:image:height\" content=\"650\" \/>\n\t<meta property=\"og:image:type\" content=\"image\/png\" \/>\n<meta name=\"author\" content=\"Gwyn Garrett\" \/>\n<meta name=\"twitter:card\" content=\"summary_large_image\" \/>\n<meta name=\"twitter:creator\" content=\"@Acimga1947\" \/>\n<meta name=\"twitter:site\" content=\"@Acimga1947\" \/>\n<meta name=\"twitter:label1\" content=\"Scritto da\" \/>\n\t<meta name=\"twitter:data1\" content=\"Gwyn Garrett\" \/>\n\t<meta name=\"twitter:label2\" content=\"Tempo di lettura stimato\" \/>\n\t<meta name=\"twitter:data2\" content=\"3 minuti\" \/>\n<script type=\"application\/ld+json\" class=\"yoast-schema-graph\">{\"@context\":\"https:\\\/\\\/schema.org\",\"@graph\":[{\"@type\":\"Article\",\"@id\":\"https:\\\/\\\/acimga.it\\\/it\\\/giornata-nazionale-del-made-in-italy-formazione-e-competenze-di-filiera\\\/#article\",\"isPartOf\":{\"@id\":\"https:\\\/\\\/acimga.it\\\/it\\\/giornata-nazionale-del-made-in-italy-formazione-e-competenze-di-filiera\\\/\"},\"author\":{\"name\":\"Gwyn Garrett\",\"@id\":\"https:\\\/\\\/acimga.it\\\/it\\\/#\\\/schema\\\/person\\\/e7d66db085dfe21491c14f371f7f8a9a\"},\"headline\":\"GIORNATA NAZIONALE DEL MADE IN ITALY &#8211; FORMAZIONE E COMPETENZE DI FILIERA\",\"datePublished\":\"2026-05-03T14:46:04+00:00\",\"mainEntityOfPage\":{\"@id\":\"https:\\\/\\\/acimga.it\\\/it\\\/giornata-nazionale-del-made-in-italy-formazione-e-competenze-di-filiera\\\/\"},\"wordCount\":361,\"commentCount\":0,\"publisher\":{\"@id\":\"https:\\\/\\\/acimga.it\\\/it\\\/#organization\"},\"image\":{\"@id\":\"https:\\\/\\\/acimga.it\\\/it\\\/giornata-nazionale-del-made-in-italy-formazione-e-competenze-di-filiera\\\/#primaryimage\"},\"thumbnailUrl\":\"https:\\\/\\\/acimga.it\\\/wp-content\\\/uploads\\\/2026\\\/04\\\/nl-apr-gnmi-fcg.png\",\"articleSection\":[\"Comunicazione\"],\"inLanguage\":\"it-IT\",\"potentialAction\":[{\"@type\":\"CommentAction\",\"name\":\"Comment\",\"target\":[\"https:\\\/\\\/acimga.it\\\/it\\\/giornata-nazionale-del-made-in-italy-formazione-e-competenze-di-filiera\\\/#respond\"]}]},{\"@type\":\"WebPage\",\"@id\":\"https:\\\/\\\/acimga.it\\\/it\\\/giornata-nazionale-del-made-in-italy-formazione-e-competenze-di-filiera\\\/\",\"url\":\"https:\\\/\\\/acimga.it\\\/it\\\/giornata-nazionale-del-made-in-italy-formazione-e-competenze-di-filiera\\\/\",\"name\":\"GIORNATA NAZIONALE DEL MADE IN ITALY - FORMAZIONE E COMPETENZE DI FILIERA - Acimga\",\"isPartOf\":{\"@id\":\"https:\\\/\\\/acimga.it\\\/it\\\/#website\"},\"primaryImageOfPage\":{\"@id\":\"https:\\\/\\\/acimga.it\\\/it\\\/giornata-nazionale-del-made-in-italy-formazione-e-competenze-di-filiera\\\/#primaryimage\"},\"image\":{\"@id\":\"https:\\\/\\\/acimga.it\\\/it\\\/giornata-nazionale-del-made-in-italy-formazione-e-competenze-di-filiera\\\/#primaryimage\"},\"thumbnailUrl\":\"https:\\\/\\\/acimga.it\\\/wp-content\\\/uploads\\\/2026\\\/04\\\/nl-apr-gnmi-fcg.png\",\"datePublished\":\"2026-05-03T14:46:04+00:00\",\"breadcrumb\":{\"@id\":\"https:\\\/\\\/acimga.it\\\/it\\\/giornata-nazionale-del-made-in-italy-formazione-e-competenze-di-filiera\\\/#breadcrumb\"},\"inLanguage\":\"it-IT\",\"potentialAction\":[{\"@type\":\"ReadAction\",\"target\":[\"https:\\\/\\\/acimga.it\\\/it\\\/giornata-nazionale-del-made-in-italy-formazione-e-competenze-di-filiera\\\/\"]}]},{\"@type\":\"ImageObject\",\"inLanguage\":\"it-IT\",\"@id\":\"https:\\\/\\\/acimga.it\\\/it\\\/giornata-nazionale-del-made-in-italy-formazione-e-competenze-di-filiera\\\/#primaryimage\",\"url\":\"https:\\\/\\\/acimga.it\\\/wp-content\\\/uploads\\\/2026\\\/04\\\/nl-apr-gnmi-fcg.png\",\"contentUrl\":\"https:\\\/\\\/acimga.it\\\/wp-content\\\/uploads\\\/2026\\\/04\\\/nl-apr-gnmi-fcg.png\",\"width\":800,\"height\":650},{\"@type\":\"BreadcrumbList\",\"@id\":\"https:\\\/\\\/acimga.it\\\/it\\\/giornata-nazionale-del-made-in-italy-formazione-e-competenze-di-filiera\\\/#breadcrumb\",\"itemListElement\":[{\"@type\":\"ListItem\",\"position\":1,\"name\":\"Home\",\"item\":\"https:\\\/\\\/acimga.it\\\/it\\\/\"},{\"@type\":\"ListItem\",\"position\":2,\"name\":\"GIORNATA NAZIONALE DEL MADE IN ITALY &#8211; FORMAZIONE E COMPETENZE DI FILIERA\"}]},{\"@type\":\"WebSite\",\"@id\":\"https:\\\/\\\/acimga.it\\\/it\\\/#website\",\"url\":\"https:\\\/\\\/acimga.it\\\/it\\\/\",\"name\":\"Acimga\",\"description\":\"Costruttori Italiani di Macchine per l\u2019Industria Grafica, Cartotecnica, Cartaria, di Trasformazione e Affini\",\"publisher\":{\"@id\":\"https:\\\/\\\/acimga.it\\\/it\\\/#organization\"},\"potentialAction\":[{\"@type\":\"SearchAction\",\"target\":{\"@type\":\"EntryPoint\",\"urlTemplate\":\"https:\\\/\\\/acimga.it\\\/it\\\/?s={search_term_string}\"},\"query-input\":{\"@type\":\"PropertyValueSpecification\",\"valueRequired\":true,\"valueName\":\"search_term_string\"}}],\"inLanguage\":\"it-IT\"},{\"@type\":\"Organization\",\"@id\":\"https:\\\/\\\/acimga.it\\\/it\\\/#organization\",\"name\":\"ACIMGA\",\"url\":\"https:\\\/\\\/acimga.it\\\/it\\\/\",\"logo\":{\"@type\":\"ImageObject\",\"inLanguage\":\"it-IT\",\"@id\":\"https:\\\/\\\/acimga.it\\\/it\\\/#\\\/schema\\\/logo\\\/image\\\/\",\"url\":\"https:\\\/\\\/acimga.it\\\/wp-content\\\/uploads\\\/2020\\\/11\\\/logo-payoff.svg\",\"contentUrl\":\"https:\\\/\\\/acimga.it\\\/wp-content\\\/uploads\\\/2020\\\/11\\\/logo-payoff.svg\",\"width\":288,\"height\":80,\"caption\":\"ACIMGA\"},\"image\":{\"@id\":\"https:\\\/\\\/acimga.it\\\/it\\\/#\\\/schema\\\/logo\\\/image\\\/\"},\"sameAs\":[\"https:\\\/\\\/x.com\\\/Acimga1947\",\"https:\\\/\\\/www.linkedin.com\\\/company\\\/acimga?trk=nmp_rec_act_company_photo\",\"https:\\\/\\\/www.youtube.com\\\/channel\\\/UCqzHaOsul8rWTGHSrvq3FUw\\\/videos\"]},{\"@type\":\"Person\",\"@id\":\"https:\\\/\\\/acimga.it\\\/it\\\/#\\\/schema\\\/person\\\/e7d66db085dfe21491c14f371f7f8a9a\",\"name\":\"Gwyn Garrett\",\"image\":{\"@type\":\"ImageObject\",\"inLanguage\":\"it-IT\",\"@id\":\"https:\\\/\\\/secure.gravatar.com\\\/avatar\\\/3aef2eca19bf1643ebeb9a8c157d0f87d1f35cd02b69794dd6130fe56ee6afd0?s=96&d=mm&r=g\",\"url\":\"https:\\\/\\\/secure.gravatar.com\\\/avatar\\\/3aef2eca19bf1643ebeb9a8c157d0f87d1f35cd02b69794dd6130fe56ee6afd0?s=96&d=mm&r=g\",\"contentUrl\":\"https:\\\/\\\/secure.gravatar.com\\\/avatar\\\/3aef2eca19bf1643ebeb9a8c157d0f87d1f35cd02b69794dd6130fe56ee6afd0?s=96&d=mm&r=g\",\"caption\":\"Gwyn Garrett\"},\"url\":\"https:\\\/\\\/acimga.it\\\/it\\\/author\\\/gwynedd\\\/\"}]}<\/script>\n<!-- \/ Yoast SEO plugin. -->","yoast_head_json":{"title":"GIORNATA NAZIONALE DEL MADE IN ITALY - FORMAZIONE E COMPETENZE DI FILIERA - Acimga","robots":{"index":"index","follow":"follow","max-snippet":"max-snippet:-1","max-image-preview":"max-image-preview:large","max-video-preview":"max-video-preview:-1"},"canonical":"https:\/\/acimga.it\/it\/giornata-nazionale-del-made-in-italy-formazione-e-competenze-di-filiera\/","og_locale":"it_IT","og_type":"article","og_title":"GIORNATA NAZIONALE DEL MADE IN ITALY - FORMAZIONE E COMPETENZE DI FILIERA - Acimga","og_description":"In occasione della Giornata Nazionale del Made in Italy, Acimga ha partecipato a Parma all\u2019incontro dedicato a \u201cFormazione e competenze per il futuro della filiera della carta, della stampa e della trasformazione\u201d, organizzato da Federazione Carta e Grafica. L\u2019iniziativa ha rappresentato un momento di confronto tra imprese, istituzioni e mondo della formazione su un tema [&hellip;]","og_url":"https:\/\/acimga.it\/it\/giornata-nazionale-del-made-in-italy-formazione-e-competenze-di-filiera\/","og_site_name":"Acimga","article_published_time":"2026-05-03T14:46:04+00:00","og_image":[{"width":800,"height":650,"url":"https:\/\/acimga.it\/wp-content\/uploads\/2026\/04\/nl-apr-gnmi-fcg.png","type":"image\/png"}],"author":"Gwyn Garrett","twitter_card":"summary_large_image","twitter_creator":"@Acimga1947","twitter_site":"@Acimga1947","twitter_misc":{"Scritto da":"Gwyn Garrett","Tempo di lettura stimato":"3 minuti"},"schema":{"@context":"https:\/\/schema.org","@graph":[{"@type":"Article","@id":"https:\/\/acimga.it\/it\/giornata-nazionale-del-made-in-italy-formazione-e-competenze-di-filiera\/#article","isPartOf":{"@id":"https:\/\/acimga.it\/it\/giornata-nazionale-del-made-in-italy-formazione-e-competenze-di-filiera\/"},"author":{"name":"Gwyn Garrett","@id":"https:\/\/acimga.it\/it\/#\/schema\/person\/e7d66db085dfe21491c14f371f7f8a9a"},"headline":"GIORNATA NAZIONALE DEL MADE IN ITALY &#8211; FORMAZIONE E COMPETENZE DI FILIERA","datePublished":"2026-05-03T14:46:04+00:00","mainEntityOfPage":{"@id":"https:\/\/acimga.it\/it\/giornata-nazionale-del-made-in-italy-formazione-e-competenze-di-filiera\/"},"wordCount":361,"commentCount":0,"publisher":{"@id":"https:\/\/acimga.it\/it\/#organization"},"image":{"@id":"https:\/\/acimga.it\/it\/giornata-nazionale-del-made-in-italy-formazione-e-competenze-di-filiera\/#primaryimage"},"thumbnailUrl":"https:\/\/acimga.it\/wp-content\/uploads\/2026\/04\/nl-apr-gnmi-fcg.png","articleSection":["Comunicazione"],"inLanguage":"it-IT","potentialAction":[{"@type":"CommentAction","name":"Comment","target":["https:\/\/acimga.it\/it\/giornata-nazionale-del-made-in-italy-formazione-e-competenze-di-filiera\/#respond"]}]},{"@type":"WebPage","@id":"https:\/\/acimga.it\/it\/giornata-nazionale-del-made-in-italy-formazione-e-competenze-di-filiera\/","url":"https:\/\/acimga.it\/it\/giornata-nazionale-del-made-in-italy-formazione-e-competenze-di-filiera\/","name":"GIORNATA NAZIONALE DEL MADE IN ITALY - FORMAZIONE E COMPETENZE DI FILIERA - Acimga","isPartOf":{"@id":"https:\/\/acimga.it\/it\/#website"},"primaryImageOfPage":{"@id":"https:\/\/acimga.it\/it\/giornata-nazionale-del-made-in-italy-formazione-e-competenze-di-filiera\/#primaryimage"},"image":{"@id":"https:\/\/acimga.it\/it\/giornata-nazionale-del-made-in-italy-formazione-e-competenze-di-filiera\/#primaryimage"},"thumbnailUrl":"https:\/\/acimga.it\/wp-content\/uploads\/2026\/04\/nl-apr-gnmi-fcg.png","datePublished":"2026-05-03T14:46:04+00:00","breadcrumb":{"@id":"https:\/\/acimga.it\/it\/giornata-nazionale-del-made-in-italy-formazione-e-competenze-di-filiera\/#breadcrumb"},"inLanguage":"it-IT","potentialAction":[{"@type":"ReadAction","target":["https:\/\/acimga.it\/it\/giornata-nazionale-del-made-in-italy-formazione-e-competenze-di-filiera\/"]}]},{"@type":"ImageObject","inLanguage":"it-IT","@id":"https:\/\/acimga.it\/it\/giornata-nazionale-del-made-in-italy-formazione-e-competenze-di-filiera\/#primaryimage","url":"https:\/\/acimga.it\/wp-content\/uploads\/2026\/04\/nl-apr-gnmi-fcg.png","contentUrl":"https:\/\/acimga.it\/wp-content\/uploads\/2026\/04\/nl-apr-gnmi-fcg.png","width":800,"height":650},{"@type":"BreadcrumbList","@id":"https:\/\/acimga.it\/it\/giornata-nazionale-del-made-in-italy-formazione-e-competenze-di-filiera\/#breadcrumb","itemListElement":[{"@type":"ListItem","position":1,"name":"Home","item":"https:\/\/acimga.it\/it\/"},{"@type":"ListItem","position":2,"name":"GIORNATA NAZIONALE DEL MADE IN ITALY &#8211; FORMAZIONE E COMPETENZE DI FILIERA"}]},{"@type":"WebSite","@id":"https:\/\/acimga.it\/it\/#website","url":"https:\/\/acimga.it\/it\/","name":"Acimga","description":"Costruttori Italiani di Macchine per l\u2019Industria Grafica, Cartotecnica, Cartaria, di Trasformazione e Affini","publisher":{"@id":"https:\/\/acimga.it\/it\/#organization"},"potentialAction":[{"@type":"SearchAction","target":{"@type":"EntryPoint","urlTemplate":"https:\/\/acimga.it\/it\/?s={search_term_string}"},"query-input":{"@type":"PropertyValueSpecification","valueRequired":true,"valueName":"search_term_string"}}],"inLanguage":"it-IT"},{"@type":"Organization","@id":"https:\/\/acimga.it\/it\/#organization","name":"ACIMGA","url":"https:\/\/acimga.it\/it\/","logo":{"@type":"ImageObject","inLanguage":"it-IT","@id":"https:\/\/acimga.it\/it\/#\/schema\/logo\/image\/","url":"https:\/\/acimga.it\/wp-content\/uploads\/2020\/11\/logo-payoff.svg","contentUrl":"https:\/\/acimga.it\/wp-content\/uploads\/2020\/11\/logo-payoff.svg","width":288,"height":80,"caption":"ACIMGA"},"image":{"@id":"https:\/\/acimga.it\/it\/#\/schema\/logo\/image\/"},"sameAs":["https:\/\/x.com\/Acimga1947","https:\/\/www.linkedin.com\/company\/acimga?trk=nmp_rec_act_company_photo","https:\/\/www.youtube.com\/channel\/UCqzHaOsul8rWTGHSrvq3FUw\/videos"]},{"@type":"Person","@id":"https:\/\/acimga.it\/it\/#\/schema\/person\/e7d66db085dfe21491c14f371f7f8a9a","name":"Gwyn Garrett","image":{"@type":"ImageObject","inLanguage":"it-IT","@id":"https:\/\/secure.gravatar.com\/avatar\/3aef2eca19bf1643ebeb9a8c157d0f87d1f35cd02b69794dd6130fe56ee6afd0?s=96&d=mm&r=g","url":"https:\/\/secure.gravatar.com\/avatar\/3aef2eca19bf1643ebeb9a8c157d0f87d1f35cd02b69794dd6130fe56ee6afd0?s=96&d=mm&r=g","contentUrl":"https:\/\/secure.gravatar.com\/avatar\/3aef2eca19bf1643ebeb9a8c157d0f87d1f35cd02b69794dd6130fe56ee6afd0?s=96&d=mm&r=g","caption":"Gwyn Garrett"},"url":"https:\/\/acimga.it\/it\/author\/gwynedd\/"}]}},"_links":{"self":[{"href":"https:\/\/acimga.it\/it\/wp-json\/wp\/v2\/posts\/13841","targetHints":{"allow":["GET"]}}],"collection":[{"href":"https:\/\/acimga.it\/it\/wp-json\/wp\/v2\/posts"}],"about":[{"href":"https:\/\/acimga.it\/it\/wp-json\/wp\/v2\/types\/post"}],"author":[{"embeddable":true,"href":"https:\/\/acimga.it\/it\/wp-json\/wp\/v2\/users\/586"}],"replies":[{"embeddable":true,"href":"https:\/\/acimga.it\/it\/wp-json\/wp\/v2\/comments?post=13841"}],"version-history":[{"count":2,"href":"https:\/\/acimga.it\/it\/wp-json\/wp\/v2\/posts\/13841\/revisions"}],"predecessor-version":[{"id":13849,"href":"https:\/\/acimga.it\/it\/wp-json\/wp\/v2\/posts\/13841\/revisions\/13849"}],"wp:featuredmedia":[{"embeddable":true,"href":"https:\/\/acimga.it\/it\/wp-json\/wp\/v2\/media\/13848"}],"wp:attachment":[{"href":"https:\/\/acimga.it\/it\/wp-json\/wp\/v2\/media?parent=13841"}],"wp:term":[{"taxonomy":"category","embeddable":true,"href":"https:\/\/acimga.it\/it\/wp-json\/wp\/v2\/categories?post=13841"},{"taxonomy":"post_tag","embeddable":true,"href":"https:\/\/acimga.it\/it\/wp-json\/wp\/v2\/tags?post=13841"}],"curies":[{"name":"wp","href":"https:\/\/api.w.org\/{rel}","templated":true}]}}