{"id":12848,"date":"2025-03-31T11:15:14","date_gmt":"2025-03-31T11:15:14","guid":{"rendered":"https:\/\/acimga.it\/?p=12848"},"modified":"2025-04-07T07:22:54","modified_gmt":"2025-04-07T07:22:54","slug":"il-16-aprile-lultimo-aperitivo-targato-weareprint4all-tra-gli-eventi-che-celebrano-la-giornata-nazionale-del-made-in-italy","status":"publish","type":"post","link":"https:\/\/acimga.it\/it\/il-16-aprile-lultimo-aperitivo-targato-weareprint4all-tra-gli-eventi-che-celebrano-la-giornata-nazionale-del-made-in-italy\/","title":{"rendered":"IL 16 APRILE L&#8217;ULTIMO APERITIVO TARGATO WeArePrint4All TRA GLI EVENTI CHE CELEBRANO LA GIORNATA NAZIONALE DEL MADE IN ITALY"},"content":{"rendered":"<p>[et_pb_section fb_built=&#8221;1&#8243; admin_label=&#8221;section&#8221; _builder_version=&#8221;4.16&#8243; global_colors_info=&#8221;{}&#8221;][et_pb_row admin_label=&#8221;row&#8221; _builder_version=&#8221;4.16&#8243; background_size=&#8221;initial&#8221; background_position=&#8221;top_left&#8221; background_repeat=&#8221;repeat&#8221; global_colors_info=&#8221;{}&#8221;][et_pb_column type=&#8221;4_4&#8243; _builder_version=&#8221;4.16&#8243; custom_padding=&#8221;|||&#8221; global_colors_info=&#8221;{}&#8221; custom_padding__hover=&#8221;|||&#8221;][et_pb_text admin_label=&#8221;Text&#8221; _builder_version=&#8221;4.27.4&#8243; background_size=&#8221;initial&#8221; background_position=&#8221;top_left&#8221; background_repeat=&#8221;repeat&#8221; hover_enabled=&#8221;0&#8243; global_colors_info=&#8221;{}&#8221; sticky_enabled=&#8221;0&#8243;]<\/p>\n<p><strong>Si terr\u00e0 il 16 aprile l\u2019ultimo degli aperitivi WeArePrint4All, organizzati da Acimga e ARGI. <\/strong><\/p>\n<p>Questo appuntamento, denominato <strong>Print Italia<\/strong>, rientra nel <strong>programma approvato dal MIMIT come uno degli eventi che celebrano la Giornata Nazionale del Made in Italy<\/strong>, che per il 2025 si intitola \u201cMade in Italy tra identit\u00e0 e innovazione\u201d.<\/p>\n<p>Il printing \u00e8 infatti di per s\u00e9 un segmento altamente innovativo, ed \u00e8 uno dei migliori messaggeri dell\u2019identit\u00e0 del Made In Italy, riconosciuto nel mondo grazie al packaging dei prodotti alimentari, ai tessuti stampati di alta moda, alle stampe di mobili, alla produzione di libri d\u2019arte e molto altro ancora.<\/p>\n<p>Gli aperitivi del 5 febbraio e 5 marzo sono stati appuntamenti centrali per la community che gravita attorno alla manifestazione fieristica, ma il\u00a0 prossimo appuntamento del 16 aprile sar\u00e0 ancora pi\u00f9 speciale.<\/p>\n<p>Non perdere l\u2019occasione di fare squadra, creare relazioni di business e discutere del progetto fieristico in vista della prossima Print4All.<\/p>\n<a href='https:\/\/www.eventbrite.it\/e\/print4all-happy-hour-tickets-1277893697449?aff=oddtdtcreator' class='big-button biggreen' target=\"_blank\">Registrati qui<\/a>\n<p>&nbsp;<\/p>\n<p><span style=\"color: #008000;\"><strong>APERITIVO WeArePrint4All<\/strong><\/span><\/p>\n<p><span style=\"color: #008000;\"><strong>Mercoled\u00ec 16 aprile<\/strong><\/span><\/p>\n<p><span style=\"color: #008000;\"><strong>Dalle ore 18:00 alle 20:00<\/strong><\/span><\/p>\n<p><span style=\"color: #008000;\"><strong>c\/o Tenoha, via Vigevano, Milano<\/strong><\/span><\/p>\n<p>[\/et_pb_text][\/et_pb_column][\/et_pb_row][\/et_pb_section]<\/p>\n","protected":false},"excerpt":{"rendered":"<p>Si terr\u00e0 il 16 aprile l\u2019ultimo degli aperitivi WeArePrint4All, organizzati da Acimga e ARGI. Questo appuntamento, denominato Print Italia, rientra nel programma approvato dal MIMIT come uno degli eventi che celebrano la Giornata Nazionale del Made in Italy, che per il 2025 si intitola \u201cMade in Italy tra identit\u00e0 e innovazione\u201d. Il printing \u00e8 infatti [&hellip;]<\/p>\n","protected":false},"author":586,"featured_media":12849,"comment_status":"open","ping_status":"open","sticky":false,"template":"","format":"standard","meta":{"_et_pb_use_builder":"on","_et_pb_old_content":"<strong>Si terr\u00e0 il 16 aprile l\u2019ultimo degli aperitivi WeArePrint4All, organizzati da Acimga e ARGI. <\/strong>\r\n\r\nQuesto appuntamento, denominato <strong>Print Italia<\/strong>, rientra nel <strong>programma approvato dal MIMIT come uno degli eventi che celebrano la Giornata Nazionale del Made in Italy<\/strong>, che per il 2025 si intitola \u201cMade in Italy tra identit\u00e0 e innovazione\u201d.\r\n\r\nIl printing \u00e8 infatti di per s\u00e9 un segmento altamente innovativo, ed \u00e8 uno dei migliori messaggeri dell\u2019identit\u00e0 del Made In Italy, riconosciuto nel mondo grazie al packaging dei prodotti alimentari, ai tessuti stampati di alta moda, alle stampe di mobili, alla produzione di libri d\u2019arte e molto altro ancora.\r\n\r\nGli aperitivi del 5 febbraio e 5 marzo sono stati appuntamenti centrali per la community che gravita attorno alla manifestazione fieristica, ma il\u00a0 prossimo appuntamento del 16 aprile sar\u00e0 ancora pi\u00f9 speciale.\r\n\r\nNon perdere l\u2019occasione di fare squadra, creare relazioni di business e discutere del progetto fieristico in vista della prossima Print4All.\r\n\r\n[button link=\"#https:\/\/www.eventbrite.it\/e\/print4all-happy-hour-tickets-1277893697449?aff=oddtdtcreator\" type=\"big\" color=\"green\" newwindow=\"yes\"] REGISTRATI QUI[\/button]\r\n\r\n\u00a0\r\n\r\n<span style=\"color: #008000;\"><strong>APERITIVO WeArePrint4All<\/strong><\/span>\r\n\r\n<span style=\"color: #008000;\"><strong>Mercoled\u00ec 16 aprile<\/strong><\/span>\r\n\r\n<span style=\"color: #008000;\"><strong>Dalle ore 18:00 alle 20:00<\/strong><\/span>\r\n\r\n<span style=\"color: #008000;\"><strong>c\/o Tenoha, via Vigevano, Milano<\/strong><\/span>","_et_gb_content_width":"","footnotes":""},"categories":[1],"tags":[],"class_list":["post-12848","post","type-post","status-publish","format-standard","has-post-thumbnail","hentry","category-news"],"acf":[],"yoast_head":"<!-- This site is optimized with the Yoast SEO plugin v27.4 - https:\/\/yoast.com\/product\/yoast-seo-wordpress\/ -->\n<title>IL 16 APRILE L&#039;ULTIMO APERITIVO TARGATO WeArePrint4All TRA GLI EVENTI CHE CELEBRANO LA GIORNATA NAZIONALE DEL MADE IN ITALY - Acimga<\/title>\n<meta name=\"robots\" content=\"index, follow, max-snippet:-1, max-image-preview:large, max-video-preview:-1\" \/>\n<link rel=\"canonical\" href=\"https:\/\/acimga.it\/it\/il-16-aprile-lultimo-aperitivo-targato-weareprint4all-tra-gli-eventi-che-celebrano-la-giornata-nazionale-del-made-in-italy\/\" \/>\n<meta property=\"og:locale\" content=\"it_IT\" \/>\n<meta property=\"og:type\" content=\"article\" \/>\n<meta property=\"og:title\" content=\"IL 16 APRILE L&#039;ULTIMO APERITIVO TARGATO WeArePrint4All TRA GLI EVENTI CHE CELEBRANO LA GIORNATA NAZIONALE DEL MADE IN ITALY - Acimga\" \/>\n<meta property=\"og:description\" content=\"Si terr\u00e0 il 16 aprile l\u2019ultimo degli aperitivi WeArePrint4All, organizzati da Acimga e ARGI. Questo appuntamento, denominato Print Italia, rientra nel programma approvato dal MIMIT come uno degli eventi che celebrano la Giornata Nazionale del Made in Italy, che per il 2025 si intitola \u201cMade in Italy tra identit\u00e0 e innovazione\u201d. Il printing \u00e8 infatti [&hellip;]\" \/>\n<meta property=\"og:url\" content=\"https:\/\/acimga.it\/it\/il-16-aprile-lultimo-aperitivo-targato-weareprint4all-tra-gli-eventi-che-celebrano-la-giornata-nazionale-del-made-in-italy\/\" \/>\n<meta property=\"og:site_name\" content=\"Acimga\" \/>\n<meta property=\"article:published_time\" content=\"2025-03-31T11:15:14+00:00\" \/>\n<meta property=\"article:modified_time\" content=\"2025-04-07T07:22:54+00:00\" \/>\n<meta property=\"og:image\" content=\"https:\/\/acimga.it\/wp-content\/uploads\/2025\/03\/aperitivi-DEF-nl.png\" \/>\n\t<meta property=\"og:image:width\" content=\"800\" \/>\n\t<meta property=\"og:image:height\" content=\"650\" \/>\n\t<meta property=\"og:image:type\" content=\"image\/png\" \/>\n<meta name=\"author\" content=\"Gwyn Garrett\" \/>\n<meta name=\"twitter:card\" content=\"summary_large_image\" \/>\n<meta name=\"twitter:creator\" content=\"@Acimga1947\" \/>\n<meta name=\"twitter:site\" content=\"@Acimga1947\" \/>\n<meta name=\"twitter:label1\" content=\"Scritto da\" \/>\n\t<meta name=\"twitter:data1\" content=\"Gwyn Garrett\" \/>\n\t<meta name=\"twitter:label2\" content=\"Tempo di lettura stimato\" \/>\n\t<meta name=\"twitter:data2\" content=\"2 minuti\" \/>\n<script type=\"application\/ld+json\" class=\"yoast-schema-graph\">{\"@context\":\"https:\\\/\\\/schema.org\",\"@graph\":[{\"@type\":\"Article\",\"@id\":\"https:\\\/\\\/acimga.it\\\/it\\\/il-16-aprile-lultimo-aperitivo-targato-weareprint4all-tra-gli-eventi-che-celebrano-la-giornata-nazionale-del-made-in-italy\\\/#article\",\"isPartOf\":{\"@id\":\"https:\\\/\\\/acimga.it\\\/it\\\/il-16-aprile-lultimo-aperitivo-targato-weareprint4all-tra-gli-eventi-che-celebrano-la-giornata-nazionale-del-made-in-italy\\\/\"},\"author\":{\"name\":\"Gwyn Garrett\",\"@id\":\"https:\\\/\\\/acimga.it\\\/it\\\/#\\\/schema\\\/person\\\/e7d66db085dfe21491c14f371f7f8a9a\"},\"headline\":\"IL 16 APRILE L&#8217;ULTIMO APERITIVO TARGATO WeArePrint4All TRA GLI EVENTI CHE CELEBRANO LA GIORNATA NAZIONALE DEL MADE IN ITALY\",\"datePublished\":\"2025-03-31T11:15:14+00:00\",\"dateModified\":\"2025-04-07T07:22:54+00:00\",\"mainEntityOfPage\":{\"@id\":\"https:\\\/\\\/acimga.it\\\/it\\\/il-16-aprile-lultimo-aperitivo-targato-weareprint4all-tra-gli-eventi-che-celebrano-la-giornata-nazionale-del-made-in-italy\\\/\"},\"wordCount\":292,\"commentCount\":0,\"publisher\":{\"@id\":\"https:\\\/\\\/acimga.it\\\/it\\\/#organization\"},\"image\":{\"@id\":\"https:\\\/\\\/acimga.it\\\/it\\\/il-16-aprile-lultimo-aperitivo-targato-weareprint4all-tra-gli-eventi-che-celebrano-la-giornata-nazionale-del-made-in-italy\\\/#primaryimage\"},\"thumbnailUrl\":\"https:\\\/\\\/acimga.it\\\/wp-content\\\/uploads\\\/2025\\\/03\\\/aperitivi-DEF-nl.png\",\"articleSection\":[\"Comunicazione\"],\"inLanguage\":\"it-IT\",\"potentialAction\":[{\"@type\":\"CommentAction\",\"name\":\"Comment\",\"target\":[\"https:\\\/\\\/acimga.it\\\/it\\\/il-16-aprile-lultimo-aperitivo-targato-weareprint4all-tra-gli-eventi-che-celebrano-la-giornata-nazionale-del-made-in-italy\\\/#respond\"]}]},{\"@type\":\"WebPage\",\"@id\":\"https:\\\/\\\/acimga.it\\\/it\\\/il-16-aprile-lultimo-aperitivo-targato-weareprint4all-tra-gli-eventi-che-celebrano-la-giornata-nazionale-del-made-in-italy\\\/\",\"url\":\"https:\\\/\\\/acimga.it\\\/it\\\/il-16-aprile-lultimo-aperitivo-targato-weareprint4all-tra-gli-eventi-che-celebrano-la-giornata-nazionale-del-made-in-italy\\\/\",\"name\":\"IL 16 APRILE L'ULTIMO APERITIVO TARGATO WeArePrint4All TRA GLI EVENTI CHE CELEBRANO LA GIORNATA NAZIONALE DEL MADE IN ITALY - Acimga\",\"isPartOf\":{\"@id\":\"https:\\\/\\\/acimga.it\\\/it\\\/#website\"},\"primaryImageOfPage\":{\"@id\":\"https:\\\/\\\/acimga.it\\\/it\\\/il-16-aprile-lultimo-aperitivo-targato-weareprint4all-tra-gli-eventi-che-celebrano-la-giornata-nazionale-del-made-in-italy\\\/#primaryimage\"},\"image\":{\"@id\":\"https:\\\/\\\/acimga.it\\\/it\\\/il-16-aprile-lultimo-aperitivo-targato-weareprint4all-tra-gli-eventi-che-celebrano-la-giornata-nazionale-del-made-in-italy\\\/#primaryimage\"},\"thumbnailUrl\":\"https:\\\/\\\/acimga.it\\\/wp-content\\\/uploads\\\/2025\\\/03\\\/aperitivi-DEF-nl.png\",\"datePublished\":\"2025-03-31T11:15:14+00:00\",\"dateModified\":\"2025-04-07T07:22:54+00:00\",\"breadcrumb\":{\"@id\":\"https:\\\/\\\/acimga.it\\\/it\\\/il-16-aprile-lultimo-aperitivo-targato-weareprint4all-tra-gli-eventi-che-celebrano-la-giornata-nazionale-del-made-in-italy\\\/#breadcrumb\"},\"inLanguage\":\"it-IT\",\"potentialAction\":[{\"@type\":\"ReadAction\",\"target\":[\"https:\\\/\\\/acimga.it\\\/it\\\/il-16-aprile-lultimo-aperitivo-targato-weareprint4all-tra-gli-eventi-che-celebrano-la-giornata-nazionale-del-made-in-italy\\\/\"]}]},{\"@type\":\"ImageObject\",\"inLanguage\":\"it-IT\",\"@id\":\"https:\\\/\\\/acimga.it\\\/it\\\/il-16-aprile-lultimo-aperitivo-targato-weareprint4all-tra-gli-eventi-che-celebrano-la-giornata-nazionale-del-made-in-italy\\\/#primaryimage\",\"url\":\"https:\\\/\\\/acimga.it\\\/wp-content\\\/uploads\\\/2025\\\/03\\\/aperitivi-DEF-nl.png\",\"contentUrl\":\"https:\\\/\\\/acimga.it\\\/wp-content\\\/uploads\\\/2025\\\/03\\\/aperitivi-DEF-nl.png\",\"width\":800,\"height\":650},{\"@type\":\"BreadcrumbList\",\"@id\":\"https:\\\/\\\/acimga.it\\\/it\\\/il-16-aprile-lultimo-aperitivo-targato-weareprint4all-tra-gli-eventi-che-celebrano-la-giornata-nazionale-del-made-in-italy\\\/#breadcrumb\",\"itemListElement\":[{\"@type\":\"ListItem\",\"position\":1,\"name\":\"Home\",\"item\":\"https:\\\/\\\/acimga.it\\\/it\\\/\"},{\"@type\":\"ListItem\",\"position\":2,\"name\":\"IL 16 APRILE L&#8217;ULTIMO APERITIVO TARGATO WeArePrint4All TRA GLI EVENTI CHE CELEBRANO LA GIORNATA NAZIONALE DEL MADE IN ITALY\"}]},{\"@type\":\"WebSite\",\"@id\":\"https:\\\/\\\/acimga.it\\\/it\\\/#website\",\"url\":\"https:\\\/\\\/acimga.it\\\/it\\\/\",\"name\":\"Acimga\",\"description\":\"Costruttori Italiani di Macchine per l\u2019Industria Grafica, Cartotecnica, Cartaria, di Trasformazione e Affini\",\"publisher\":{\"@id\":\"https:\\\/\\\/acimga.it\\\/it\\\/#organization\"},\"potentialAction\":[{\"@type\":\"SearchAction\",\"target\":{\"@type\":\"EntryPoint\",\"urlTemplate\":\"https:\\\/\\\/acimga.it\\\/it\\\/?s={search_term_string}\"},\"query-input\":{\"@type\":\"PropertyValueSpecification\",\"valueRequired\":true,\"valueName\":\"search_term_string\"}}],\"inLanguage\":\"it-IT\"},{\"@type\":\"Organization\",\"@id\":\"https:\\\/\\\/acimga.it\\\/it\\\/#organization\",\"name\":\"ACIMGA\",\"url\":\"https:\\\/\\\/acimga.it\\\/it\\\/\",\"logo\":{\"@type\":\"ImageObject\",\"inLanguage\":\"it-IT\",\"@id\":\"https:\\\/\\\/acimga.it\\\/it\\\/#\\\/schema\\\/logo\\\/image\\\/\",\"url\":\"https:\\\/\\\/acimga.it\\\/wp-content\\\/uploads\\\/2020\\\/11\\\/logo-payoff.svg\",\"contentUrl\":\"https:\\\/\\\/acimga.it\\\/wp-content\\\/uploads\\\/2020\\\/11\\\/logo-payoff.svg\",\"width\":288,\"height\":80,\"caption\":\"ACIMGA\"},\"image\":{\"@id\":\"https:\\\/\\\/acimga.it\\\/it\\\/#\\\/schema\\\/logo\\\/image\\\/\"},\"sameAs\":[\"https:\\\/\\\/x.com\\\/Acimga1947\",\"https:\\\/\\\/www.linkedin.com\\\/company\\\/acimga?trk=nmp_rec_act_company_photo\",\"https:\\\/\\\/www.youtube.com\\\/channel\\\/UCqzHaOsul8rWTGHSrvq3FUw\\\/videos\"]},{\"@type\":\"Person\",\"@id\":\"https:\\\/\\\/acimga.it\\\/it\\\/#\\\/schema\\\/person\\\/e7d66db085dfe21491c14f371f7f8a9a\",\"name\":\"Gwyn Garrett\",\"image\":{\"@type\":\"ImageObject\",\"inLanguage\":\"it-IT\",\"@id\":\"https:\\\/\\\/secure.gravatar.com\\\/avatar\\\/3aef2eca19bf1643ebeb9a8c157d0f87d1f35cd02b69794dd6130fe56ee6afd0?s=96&d=mm&r=g\",\"url\":\"https:\\\/\\\/secure.gravatar.com\\\/avatar\\\/3aef2eca19bf1643ebeb9a8c157d0f87d1f35cd02b69794dd6130fe56ee6afd0?s=96&d=mm&r=g\",\"contentUrl\":\"https:\\\/\\\/secure.gravatar.com\\\/avatar\\\/3aef2eca19bf1643ebeb9a8c157d0f87d1f35cd02b69794dd6130fe56ee6afd0?s=96&d=mm&r=g\",\"caption\":\"Gwyn Garrett\"},\"url\":\"https:\\\/\\\/acimga.it\\\/it\\\/author\\\/gwynedd\\\/\"}]}<\/script>\n<!-- \/ Yoast SEO plugin. -->","yoast_head_json":{"title":"IL 16 APRILE L'ULTIMO APERITIVO TARGATO WeArePrint4All TRA GLI EVENTI CHE CELEBRANO LA GIORNATA NAZIONALE DEL MADE IN ITALY - Acimga","robots":{"index":"index","follow":"follow","max-snippet":"max-snippet:-1","max-image-preview":"max-image-preview:large","max-video-preview":"max-video-preview:-1"},"canonical":"https:\/\/acimga.it\/it\/il-16-aprile-lultimo-aperitivo-targato-weareprint4all-tra-gli-eventi-che-celebrano-la-giornata-nazionale-del-made-in-italy\/","og_locale":"it_IT","og_type":"article","og_title":"IL 16 APRILE L'ULTIMO APERITIVO TARGATO WeArePrint4All TRA GLI EVENTI CHE CELEBRANO LA GIORNATA NAZIONALE DEL MADE IN ITALY - Acimga","og_description":"Si terr\u00e0 il 16 aprile l\u2019ultimo degli aperitivi WeArePrint4All, organizzati da Acimga e ARGI. Questo appuntamento, denominato Print Italia, rientra nel programma approvato dal MIMIT come uno degli eventi che celebrano la Giornata Nazionale del Made in Italy, che per il 2025 si intitola \u201cMade in Italy tra identit\u00e0 e innovazione\u201d. Il printing \u00e8 infatti [&hellip;]","og_url":"https:\/\/acimga.it\/it\/il-16-aprile-lultimo-aperitivo-targato-weareprint4all-tra-gli-eventi-che-celebrano-la-giornata-nazionale-del-made-in-italy\/","og_site_name":"Acimga","article_published_time":"2025-03-31T11:15:14+00:00","article_modified_time":"2025-04-07T07:22:54+00:00","og_image":[{"width":800,"height":650,"url":"https:\/\/acimga.it\/wp-content\/uploads\/2025\/03\/aperitivi-DEF-nl.png","type":"image\/png"}],"author":"Gwyn Garrett","twitter_card":"summary_large_image","twitter_creator":"@Acimga1947","twitter_site":"@Acimga1947","twitter_misc":{"Scritto da":"Gwyn Garrett","Tempo di lettura stimato":"2 minuti"},"schema":{"@context":"https:\/\/schema.org","@graph":[{"@type":"Article","@id":"https:\/\/acimga.it\/it\/il-16-aprile-lultimo-aperitivo-targato-weareprint4all-tra-gli-eventi-che-celebrano-la-giornata-nazionale-del-made-in-italy\/#article","isPartOf":{"@id":"https:\/\/acimga.it\/it\/il-16-aprile-lultimo-aperitivo-targato-weareprint4all-tra-gli-eventi-che-celebrano-la-giornata-nazionale-del-made-in-italy\/"},"author":{"name":"Gwyn Garrett","@id":"https:\/\/acimga.it\/it\/#\/schema\/person\/e7d66db085dfe21491c14f371f7f8a9a"},"headline":"IL 16 APRILE L&#8217;ULTIMO APERITIVO TARGATO WeArePrint4All TRA GLI EVENTI CHE CELEBRANO LA GIORNATA NAZIONALE DEL MADE IN ITALY","datePublished":"2025-03-31T11:15:14+00:00","dateModified":"2025-04-07T07:22:54+00:00","mainEntityOfPage":{"@id":"https:\/\/acimga.it\/it\/il-16-aprile-lultimo-aperitivo-targato-weareprint4all-tra-gli-eventi-che-celebrano-la-giornata-nazionale-del-made-in-italy\/"},"wordCount":292,"commentCount":0,"publisher":{"@id":"https:\/\/acimga.it\/it\/#organization"},"image":{"@id":"https:\/\/acimga.it\/it\/il-16-aprile-lultimo-aperitivo-targato-weareprint4all-tra-gli-eventi-che-celebrano-la-giornata-nazionale-del-made-in-italy\/#primaryimage"},"thumbnailUrl":"https:\/\/acimga.it\/wp-content\/uploads\/2025\/03\/aperitivi-DEF-nl.png","articleSection":["Comunicazione"],"inLanguage":"it-IT","potentialAction":[{"@type":"CommentAction","name":"Comment","target":["https:\/\/acimga.it\/it\/il-16-aprile-lultimo-aperitivo-targato-weareprint4all-tra-gli-eventi-che-celebrano-la-giornata-nazionale-del-made-in-italy\/#respond"]}]},{"@type":"WebPage","@id":"https:\/\/acimga.it\/it\/il-16-aprile-lultimo-aperitivo-targato-weareprint4all-tra-gli-eventi-che-celebrano-la-giornata-nazionale-del-made-in-italy\/","url":"https:\/\/acimga.it\/it\/il-16-aprile-lultimo-aperitivo-targato-weareprint4all-tra-gli-eventi-che-celebrano-la-giornata-nazionale-del-made-in-italy\/","name":"IL 16 APRILE L'ULTIMO APERITIVO TARGATO WeArePrint4All TRA GLI EVENTI CHE CELEBRANO LA GIORNATA NAZIONALE DEL MADE IN ITALY - Acimga","isPartOf":{"@id":"https:\/\/acimga.it\/it\/#website"},"primaryImageOfPage":{"@id":"https:\/\/acimga.it\/it\/il-16-aprile-lultimo-aperitivo-targato-weareprint4all-tra-gli-eventi-che-celebrano-la-giornata-nazionale-del-made-in-italy\/#primaryimage"},"image":{"@id":"https:\/\/acimga.it\/it\/il-16-aprile-lultimo-aperitivo-targato-weareprint4all-tra-gli-eventi-che-celebrano-la-giornata-nazionale-del-made-in-italy\/#primaryimage"},"thumbnailUrl":"https:\/\/acimga.it\/wp-content\/uploads\/2025\/03\/aperitivi-DEF-nl.png","datePublished":"2025-03-31T11:15:14+00:00","dateModified":"2025-04-07T07:22:54+00:00","breadcrumb":{"@id":"https:\/\/acimga.it\/it\/il-16-aprile-lultimo-aperitivo-targato-weareprint4all-tra-gli-eventi-che-celebrano-la-giornata-nazionale-del-made-in-italy\/#breadcrumb"},"inLanguage":"it-IT","potentialAction":[{"@type":"ReadAction","target":["https:\/\/acimga.it\/it\/il-16-aprile-lultimo-aperitivo-targato-weareprint4all-tra-gli-eventi-che-celebrano-la-giornata-nazionale-del-made-in-italy\/"]}]},{"@type":"ImageObject","inLanguage":"it-IT","@id":"https:\/\/acimga.it\/it\/il-16-aprile-lultimo-aperitivo-targato-weareprint4all-tra-gli-eventi-che-celebrano-la-giornata-nazionale-del-made-in-italy\/#primaryimage","url":"https:\/\/acimga.it\/wp-content\/uploads\/2025\/03\/aperitivi-DEF-nl.png","contentUrl":"https:\/\/acimga.it\/wp-content\/uploads\/2025\/03\/aperitivi-DEF-nl.png","width":800,"height":650},{"@type":"BreadcrumbList","@id":"https:\/\/acimga.it\/it\/il-16-aprile-lultimo-aperitivo-targato-weareprint4all-tra-gli-eventi-che-celebrano-la-giornata-nazionale-del-made-in-italy\/#breadcrumb","itemListElement":[{"@type":"ListItem","position":1,"name":"Home","item":"https:\/\/acimga.it\/it\/"},{"@type":"ListItem","position":2,"name":"IL 16 APRILE L&#8217;ULTIMO APERITIVO TARGATO WeArePrint4All TRA GLI EVENTI CHE CELEBRANO LA GIORNATA NAZIONALE DEL MADE IN ITALY"}]},{"@type":"WebSite","@id":"https:\/\/acimga.it\/it\/#website","url":"https:\/\/acimga.it\/it\/","name":"Acimga","description":"Costruttori Italiani di Macchine per l\u2019Industria Grafica, Cartotecnica, Cartaria, di Trasformazione e Affini","publisher":{"@id":"https:\/\/acimga.it\/it\/#organization"},"potentialAction":[{"@type":"SearchAction","target":{"@type":"EntryPoint","urlTemplate":"https:\/\/acimga.it\/it\/?s={search_term_string}"},"query-input":{"@type":"PropertyValueSpecification","valueRequired":true,"valueName":"search_term_string"}}],"inLanguage":"it-IT"},{"@type":"Organization","@id":"https:\/\/acimga.it\/it\/#organization","name":"ACIMGA","url":"https:\/\/acimga.it\/it\/","logo":{"@type":"ImageObject","inLanguage":"it-IT","@id":"https:\/\/acimga.it\/it\/#\/schema\/logo\/image\/","url":"https:\/\/acimga.it\/wp-content\/uploads\/2020\/11\/logo-payoff.svg","contentUrl":"https:\/\/acimga.it\/wp-content\/uploads\/2020\/11\/logo-payoff.svg","width":288,"height":80,"caption":"ACIMGA"},"image":{"@id":"https:\/\/acimga.it\/it\/#\/schema\/logo\/image\/"},"sameAs":["https:\/\/x.com\/Acimga1947","https:\/\/www.linkedin.com\/company\/acimga?trk=nmp_rec_act_company_photo","https:\/\/www.youtube.com\/channel\/UCqzHaOsul8rWTGHSrvq3FUw\/videos"]},{"@type":"Person","@id":"https:\/\/acimga.it\/it\/#\/schema\/person\/e7d66db085dfe21491c14f371f7f8a9a","name":"Gwyn Garrett","image":{"@type":"ImageObject","inLanguage":"it-IT","@id":"https:\/\/secure.gravatar.com\/avatar\/3aef2eca19bf1643ebeb9a8c157d0f87d1f35cd02b69794dd6130fe56ee6afd0?s=96&d=mm&r=g","url":"https:\/\/secure.gravatar.com\/avatar\/3aef2eca19bf1643ebeb9a8c157d0f87d1f35cd02b69794dd6130fe56ee6afd0?s=96&d=mm&r=g","contentUrl":"https:\/\/secure.gravatar.com\/avatar\/3aef2eca19bf1643ebeb9a8c157d0f87d1f35cd02b69794dd6130fe56ee6afd0?s=96&d=mm&r=g","caption":"Gwyn Garrett"},"url":"https:\/\/acimga.it\/it\/author\/gwynedd\/"}]}},"_links":{"self":[{"href":"https:\/\/acimga.it\/it\/wp-json\/wp\/v2\/posts\/12848","targetHints":{"allow":["GET"]}}],"collection":[{"href":"https:\/\/acimga.it\/it\/wp-json\/wp\/v2\/posts"}],"about":[{"href":"https:\/\/acimga.it\/it\/wp-json\/wp\/v2\/types\/post"}],"author":[{"embeddable":true,"href":"https:\/\/acimga.it\/it\/wp-json\/wp\/v2\/users\/586"}],"replies":[{"embeddable":true,"href":"https:\/\/acimga.it\/it\/wp-json\/wp\/v2\/comments?post=12848"}],"version-history":[{"count":8,"href":"https:\/\/acimga.it\/it\/wp-json\/wp\/v2\/posts\/12848\/revisions"}],"predecessor-version":[{"id":12932,"href":"https:\/\/acimga.it\/it\/wp-json\/wp\/v2\/posts\/12848\/revisions\/12932"}],"wp:featuredmedia":[{"embeddable":true,"href":"https:\/\/acimga.it\/it\/wp-json\/wp\/v2\/media\/12849"}],"wp:attachment":[{"href":"https:\/\/acimga.it\/it\/wp-json\/wp\/v2\/media?parent=12848"}],"wp:term":[{"taxonomy":"category","embeddable":true,"href":"https:\/\/acimga.it\/it\/wp-json\/wp\/v2\/categories?post=12848"},{"taxonomy":"post_tag","embeddable":true,"href":"https:\/\/acimga.it\/it\/wp-json\/wp\/v2\/tags?post=12848"}],"curies":[{"name":"wp","href":"https:\/\/api.w.org\/{rel}","templated":true}]}}