{"id":11743,"date":"2023-12-04T11:23:07","date_gmt":"2023-12-04T11:23:07","guid":{"rendered":"https:\/\/acimga.it\/?p=11743"},"modified":"2023-12-04T11:39:05","modified_gmt":"2023-12-04T11:39:05","slug":"federazione-carta-e-grafica-aderisce-all-osservatorio-permanente-carta-penna-e-digitale-promosso-e-organizzato-dalla-fondazione-luigi-einaudi","status":"publish","type":"post","link":"https:\/\/acimga.it\/it\/federazione-carta-e-grafica-aderisce-all-osservatorio-permanente-carta-penna-e-digitale-promosso-e-organizzato-dalla-fondazione-luigi-einaudi\/","title":{"rendered":"FEDERAZIONE CARTA E GRAFICA ADERISCE ALL\u2019 \u201cOSSERVATORIO PERMANENTE CARTA PENNA E DIGITALE\u201d PROMOSSO E ORGANIZZATO DALLA FONDAZIONE LUIGI EINAUDI"},"content":{"rendered":"<p>Il 16 novembre, <strong>durante l\u2019evento organizzato da Federazione Carta Grafica e Comieco nella cornice di Bookcity 2023, Andrea Cangini, Segretario della Fondazione Einaudi, ha annunciato la costituzione dell\u2019 \u201cOsservatorio permanente carta, penna e digitale\u201d.<\/strong> L\u2019Osservatorio nasce per sviluppare una costante <strong>attivit\u00e0 di analisi, ricerca e sensibilizzazione sull\u2019imprescindibilit\u00e0 della lettura su carta e della scrittura a mano e sulla ricerca di una giusta ed efficace dieta mediatica che includa prodotti di carta e prodotti digitali, ciascuno in funzione del valore che sono in grado di esprimere.<\/strong> Altro obiettivo dell\u2019Osservatorio \u00e8 quello di stimolare la politica, come gi\u00e0 sta avvenendo in altri Paesi europei, a prevedere azioni concrete per contenere una digitalizzazione sempre pi\u00f9 spinta e acritica e a valorizzare invece il libro su carta e la scrittura a mano.<\/p>\n<p><strong>Il Presidente Michele Bianchi \u00e8 lieto quindi di annunciare la pronta adesione della Federazione Carta e Grafica a questa iniziativa<\/strong>: \u201c<em>\u00c8 giusto che l\u2019Osservatorio, cos\u00ec come annunciato dalla Fondazione Einaudi, sia aperto alla societ\u00e0 civile e capace di coinvolgere i soggetti economici e culturali interessati al perseguimento dei fini costitutivi. Cos\u00ec come \u00e8 importante che si doti di un Comitato scientifico, espressione delle migliori competenze, anche sfruttando le professionalit\u00e0 messe a disposizione dai soggetti che aderiranno all\u2019Osservatorio. Ecco perch\u00e9 la Federazione, impegnata a promuovere riflessioni e azioni su queste tematiche, aderisce prontamente all\u2019iniziativa e invita le imprese del settore e le altre Associazioni del settore a fare lo stesso<\/em>\u201d.<br \/>\n\u201c<em>Da anni promuoviamo il dibattito sull\u2019urgenza di trovare un bilanciamento e un riequilibrio tra uso dei devices digitali e uso di carta e penna, soprattutto nella scuola<\/em> \u2013 commenta Carlo Emanuele Bona, Consigliere della Federazione &#8211; <em>Ormai sono scientificamente consolidate sia le evidenze sui danni prodotti da un eccesso di digitale, sia quelle che dimostrano i vantaggi legati a scrittura a mano e lettura<\/em> <em>su carta nel favorire lo sviluppo psico-fisico delle persone e nell\u2019attivare i processi di comprensione dei testi e apprendimento dei concetti&#8221;.<\/em><\/p>\n<p>Negli ultimi 10 anni i disturbi dell\u2019apprendimento degli studenti italiani sono aumentati del 357%, i casi di disgrafia del 163%. Le recenti prove Invalsi hanno certificato che la met\u00e0 dei ragazzi al termine delle scuole secondarie fatica a comprendere ci\u00f2 che legge, mentre un\u2019indagine della commissione Istruzione del Senato ha messo in relazione l\u2019uso degli smartphone col progressivo deterioramento delle facolt\u00e0 mentali dei pi\u00f9 giovani. \u201c<em>Occorre quindi prendere atto di tutto questo e sviluppare una conseguente azione politica di tutela e valorizzazione del libro in carta, cos\u00ec come stanno facendo altri Paesi europei e in diversi Stati degli USA<\/em>\u201d, conclude il Presidente Bianchi.<\/p>\n<p><a href=\"vhttps:\/\/acimga.it\/wp-content\/uploads\/2023\/12\/osservatorio-EINAUDI_27.10.23.pdf\"><em><strong>Qui disponibile la presentazione dell&#8217;Osservatorio.<\/strong><\/em><\/a><\/p>\n","protected":false},"excerpt":{"rendered":"<p>Il 16 novembre, durante l\u2019evento organizzato da Federazione Carta Grafica e Comieco nella cornice di Bookcity 2023, Andrea Cangini, Segretario della Fondazione Einaudi, ha annunciato la costituzione dell\u2019 \u201cOsservatorio permanente carta, penna e digitale\u201d. L\u2019Osservatorio nasce per sviluppare una costante attivit\u00e0 di analisi, ricerca e sensibilizzazione sull\u2019imprescindibilit\u00e0 della lettura su carta e della scrittura a [&hellip;]<\/p>\n","protected":false},"author":586,"featured_media":11753,"comment_status":"open","ping_status":"open","sticky":false,"template":"","format":"standard","meta":{"_et_pb_use_builder":"off","_et_pb_old_content":"","_et_gb_content_width":"","footnotes":""},"categories":[1],"tags":[],"class_list":["post-11743","post","type-post","status-publish","format-standard","has-post-thumbnail","hentry","category-news"],"acf":[],"yoast_head":"<!-- This site is optimized with the Yoast SEO plugin v27.5 - https:\/\/yoast.com\/product\/yoast-seo-wordpress\/ -->\n<title>FEDERAZIONE CARTA E GRAFICA ADERISCE ALL\u2019 \u201cOSSERVATORIO PERMANENTE CARTA PENNA E DIGITALE\u201d PROMOSSO E ORGANIZZATO DALLA FONDAZIONE LUIGI EINAUDI - Acimga<\/title>\n<meta name=\"robots\" content=\"index, follow, max-snippet:-1, max-image-preview:large, max-video-preview:-1\" \/>\n<link rel=\"canonical\" href=\"https:\/\/acimga.it\/it\/federazione-carta-e-grafica-aderisce-all-osservatorio-permanente-carta-penna-e-digitale-promosso-e-organizzato-dalla-fondazione-luigi-einaudi\/\" \/>\n<meta property=\"og:locale\" content=\"it_IT\" \/>\n<meta property=\"og:type\" content=\"article\" \/>\n<meta property=\"og:title\" content=\"FEDERAZIONE CARTA E GRAFICA ADERISCE ALL\u2019 \u201cOSSERVATORIO PERMANENTE CARTA PENNA E DIGITALE\u201d PROMOSSO E ORGANIZZATO DALLA FONDAZIONE LUIGI EINAUDI - Acimga\" \/>\n<meta property=\"og:description\" content=\"Il 16 novembre, durante l\u2019evento organizzato da Federazione Carta Grafica e Comieco nella cornice di Bookcity 2023, Andrea Cangini, Segretario della Fondazione Einaudi, ha annunciato la costituzione dell\u2019 \u201cOsservatorio permanente carta, penna e digitale\u201d. L\u2019Osservatorio nasce per sviluppare una costante attivit\u00e0 di analisi, ricerca e sensibilizzazione sull\u2019imprescindibilit\u00e0 della lettura su carta e della scrittura a [&hellip;]\" \/>\n<meta property=\"og:url\" content=\"https:\/\/acimga.it\/it\/federazione-carta-e-grafica-aderisce-all-osservatorio-permanente-carta-penna-e-digitale-promosso-e-organizzato-dalla-fondazione-luigi-einaudi\/\" \/>\n<meta property=\"og:site_name\" content=\"Acimga\" \/>\n<meta property=\"article:published_time\" content=\"2023-12-04T11:23:07+00:00\" \/>\n<meta property=\"article:modified_time\" content=\"2023-12-04T11:39:05+00:00\" \/>\n<meta property=\"og:image\" content=\"https:\/\/acimga.it\/wp-content\/uploads\/2023\/12\/enaudi-sito.png\" \/>\n\t<meta property=\"og:image:width\" content=\"900\" \/>\n\t<meta property=\"og:image:height\" content=\"700\" \/>\n\t<meta property=\"og:image:type\" content=\"image\/png\" \/>\n<meta name=\"author\" content=\"Gwyn Garrett\" \/>\n<meta name=\"twitter:card\" content=\"summary_large_image\" \/>\n<meta name=\"twitter:creator\" content=\"@Acimga1947\" \/>\n<meta name=\"twitter:site\" content=\"@Acimga1947\" \/>\n<meta name=\"twitter:label1\" content=\"Scritto da\" \/>\n\t<meta name=\"twitter:data1\" content=\"Gwyn Garrett\" \/>\n\t<meta name=\"twitter:label2\" content=\"Tempo di lettura stimato\" \/>\n\t<meta name=\"twitter:data2\" content=\"3 minuti\" \/>\n<script type=\"application\/ld+json\" class=\"yoast-schema-graph\">{\"@context\":\"https:\\\/\\\/schema.org\",\"@graph\":[{\"@type\":\"Article\",\"@id\":\"https:\\\/\\\/acimga.it\\\/it\\\/federazione-carta-e-grafica-aderisce-all-osservatorio-permanente-carta-penna-e-digitale-promosso-e-organizzato-dalla-fondazione-luigi-einaudi\\\/#article\",\"isPartOf\":{\"@id\":\"https:\\\/\\\/acimga.it\\\/it\\\/federazione-carta-e-grafica-aderisce-all-osservatorio-permanente-carta-penna-e-digitale-promosso-e-organizzato-dalla-fondazione-luigi-einaudi\\\/\"},\"author\":{\"name\":\"Gwyn Garrett\",\"@id\":\"https:\\\/\\\/acimga.it\\\/it\\\/#\\\/schema\\\/person\\\/e7d66db085dfe21491c14f371f7f8a9a\"},\"headline\":\"FEDERAZIONE CARTA E GRAFICA ADERISCE ALL\u2019 \u201cOSSERVATORIO PERMANENTE CARTA PENNA E DIGITALE\u201d PROMOSSO E ORGANIZZATO DALLA FONDAZIONE LUIGI EINAUDI\",\"datePublished\":\"2023-12-04T11:23:07+00:00\",\"dateModified\":\"2023-12-04T11:39:05+00:00\",\"mainEntityOfPage\":{\"@id\":\"https:\\\/\\\/acimga.it\\\/it\\\/federazione-carta-e-grafica-aderisce-all-osservatorio-permanente-carta-penna-e-digitale-promosso-e-organizzato-dalla-fondazione-luigi-einaudi\\\/\"},\"wordCount\":452,\"commentCount\":0,\"publisher\":{\"@id\":\"https:\\\/\\\/acimga.it\\\/it\\\/#organization\"},\"image\":{\"@id\":\"https:\\\/\\\/acimga.it\\\/it\\\/federazione-carta-e-grafica-aderisce-all-osservatorio-permanente-carta-penna-e-digitale-promosso-e-organizzato-dalla-fondazione-luigi-einaudi\\\/#primaryimage\"},\"thumbnailUrl\":\"https:\\\/\\\/acimga.it\\\/wp-content\\\/uploads\\\/2023\\\/12\\\/enaudi-sito.png\",\"articleSection\":[\"Comunicazione\"],\"inLanguage\":\"it-IT\",\"potentialAction\":[{\"@type\":\"CommentAction\",\"name\":\"Comment\",\"target\":[\"https:\\\/\\\/acimga.it\\\/it\\\/federazione-carta-e-grafica-aderisce-all-osservatorio-permanente-carta-penna-e-digitale-promosso-e-organizzato-dalla-fondazione-luigi-einaudi\\\/#respond\"]}]},{\"@type\":\"WebPage\",\"@id\":\"https:\\\/\\\/acimga.it\\\/it\\\/federazione-carta-e-grafica-aderisce-all-osservatorio-permanente-carta-penna-e-digitale-promosso-e-organizzato-dalla-fondazione-luigi-einaudi\\\/\",\"url\":\"https:\\\/\\\/acimga.it\\\/it\\\/federazione-carta-e-grafica-aderisce-all-osservatorio-permanente-carta-penna-e-digitale-promosso-e-organizzato-dalla-fondazione-luigi-einaudi\\\/\",\"name\":\"FEDERAZIONE CARTA E GRAFICA ADERISCE ALL\u2019 \u201cOSSERVATORIO PERMANENTE CARTA PENNA E DIGITALE\u201d PROMOSSO E ORGANIZZATO DALLA FONDAZIONE LUIGI EINAUDI - Acimga\",\"isPartOf\":{\"@id\":\"https:\\\/\\\/acimga.it\\\/it\\\/#website\"},\"primaryImageOfPage\":{\"@id\":\"https:\\\/\\\/acimga.it\\\/it\\\/federazione-carta-e-grafica-aderisce-all-osservatorio-permanente-carta-penna-e-digitale-promosso-e-organizzato-dalla-fondazione-luigi-einaudi\\\/#primaryimage\"},\"image\":{\"@id\":\"https:\\\/\\\/acimga.it\\\/it\\\/federazione-carta-e-grafica-aderisce-all-osservatorio-permanente-carta-penna-e-digitale-promosso-e-organizzato-dalla-fondazione-luigi-einaudi\\\/#primaryimage\"},\"thumbnailUrl\":\"https:\\\/\\\/acimga.it\\\/wp-content\\\/uploads\\\/2023\\\/12\\\/enaudi-sito.png\",\"datePublished\":\"2023-12-04T11:23:07+00:00\",\"dateModified\":\"2023-12-04T11:39:05+00:00\",\"breadcrumb\":{\"@id\":\"https:\\\/\\\/acimga.it\\\/it\\\/federazione-carta-e-grafica-aderisce-all-osservatorio-permanente-carta-penna-e-digitale-promosso-e-organizzato-dalla-fondazione-luigi-einaudi\\\/#breadcrumb\"},\"inLanguage\":\"it-IT\",\"potentialAction\":[{\"@type\":\"ReadAction\",\"target\":[\"https:\\\/\\\/acimga.it\\\/it\\\/federazione-carta-e-grafica-aderisce-all-osservatorio-permanente-carta-penna-e-digitale-promosso-e-organizzato-dalla-fondazione-luigi-einaudi\\\/\"]}]},{\"@type\":\"ImageObject\",\"inLanguage\":\"it-IT\",\"@id\":\"https:\\\/\\\/acimga.it\\\/it\\\/federazione-carta-e-grafica-aderisce-all-osservatorio-permanente-carta-penna-e-digitale-promosso-e-organizzato-dalla-fondazione-luigi-einaudi\\\/#primaryimage\",\"url\":\"https:\\\/\\\/acimga.it\\\/wp-content\\\/uploads\\\/2023\\\/12\\\/enaudi-sito.png\",\"contentUrl\":\"https:\\\/\\\/acimga.it\\\/wp-content\\\/uploads\\\/2023\\\/12\\\/enaudi-sito.png\",\"width\":900,\"height\":700},{\"@type\":\"BreadcrumbList\",\"@id\":\"https:\\\/\\\/acimga.it\\\/it\\\/federazione-carta-e-grafica-aderisce-all-osservatorio-permanente-carta-penna-e-digitale-promosso-e-organizzato-dalla-fondazione-luigi-einaudi\\\/#breadcrumb\",\"itemListElement\":[{\"@type\":\"ListItem\",\"position\":1,\"name\":\"Home\",\"item\":\"https:\\\/\\\/acimga.it\\\/it\\\/\"},{\"@type\":\"ListItem\",\"position\":2,\"name\":\"FEDERAZIONE CARTA E GRAFICA ADERISCE ALL\u2019 \u201cOSSERVATORIO PERMANENTE CARTA PENNA E DIGITALE\u201d PROMOSSO E ORGANIZZATO DALLA FONDAZIONE LUIGI EINAUDI\"}]},{\"@type\":\"WebSite\",\"@id\":\"https:\\\/\\\/acimga.it\\\/it\\\/#website\",\"url\":\"https:\\\/\\\/acimga.it\\\/it\\\/\",\"name\":\"Acimga\",\"description\":\"Costruttori Italiani di Macchine per l\u2019Industria Grafica, Cartotecnica, Cartaria, di Trasformazione e Affini\",\"publisher\":{\"@id\":\"https:\\\/\\\/acimga.it\\\/it\\\/#organization\"},\"potentialAction\":[{\"@type\":\"SearchAction\",\"target\":{\"@type\":\"EntryPoint\",\"urlTemplate\":\"https:\\\/\\\/acimga.it\\\/it\\\/?s={search_term_string}\"},\"query-input\":{\"@type\":\"PropertyValueSpecification\",\"valueRequired\":true,\"valueName\":\"search_term_string\"}}],\"inLanguage\":\"it-IT\"},{\"@type\":\"Organization\",\"@id\":\"https:\\\/\\\/acimga.it\\\/it\\\/#organization\",\"name\":\"ACIMGA\",\"url\":\"https:\\\/\\\/acimga.it\\\/it\\\/\",\"logo\":{\"@type\":\"ImageObject\",\"inLanguage\":\"it-IT\",\"@id\":\"https:\\\/\\\/acimga.it\\\/it\\\/#\\\/schema\\\/logo\\\/image\\\/\",\"url\":\"https:\\\/\\\/acimga.it\\\/wp-content\\\/uploads\\\/2020\\\/11\\\/logo-payoff.svg\",\"contentUrl\":\"https:\\\/\\\/acimga.it\\\/wp-content\\\/uploads\\\/2020\\\/11\\\/logo-payoff.svg\",\"width\":288,\"height\":80,\"caption\":\"ACIMGA\"},\"image\":{\"@id\":\"https:\\\/\\\/acimga.it\\\/it\\\/#\\\/schema\\\/logo\\\/image\\\/\"},\"sameAs\":[\"https:\\\/\\\/x.com\\\/Acimga1947\",\"https:\\\/\\\/www.linkedin.com\\\/company\\\/acimga?trk=nmp_rec_act_company_photo\",\"https:\\\/\\\/www.youtube.com\\\/channel\\\/UCqzHaOsul8rWTGHSrvq3FUw\\\/videos\"]},{\"@type\":\"Person\",\"@id\":\"https:\\\/\\\/acimga.it\\\/it\\\/#\\\/schema\\\/person\\\/e7d66db085dfe21491c14f371f7f8a9a\",\"name\":\"Gwyn Garrett\",\"image\":{\"@type\":\"ImageObject\",\"inLanguage\":\"it-IT\",\"@id\":\"https:\\\/\\\/secure.gravatar.com\\\/avatar\\\/3aef2eca19bf1643ebeb9a8c157d0f87d1f35cd02b69794dd6130fe56ee6afd0?s=96&d=mm&r=g\",\"url\":\"https:\\\/\\\/secure.gravatar.com\\\/avatar\\\/3aef2eca19bf1643ebeb9a8c157d0f87d1f35cd02b69794dd6130fe56ee6afd0?s=96&d=mm&r=g\",\"contentUrl\":\"https:\\\/\\\/secure.gravatar.com\\\/avatar\\\/3aef2eca19bf1643ebeb9a8c157d0f87d1f35cd02b69794dd6130fe56ee6afd0?s=96&d=mm&r=g\",\"caption\":\"Gwyn Garrett\"},\"url\":\"https:\\\/\\\/acimga.it\\\/it\\\/author\\\/gwynedd\\\/\"}]}<\/script>\n<!-- \/ Yoast SEO plugin. -->","yoast_head_json":{"title":"FEDERAZIONE CARTA E GRAFICA ADERISCE ALL\u2019 \u201cOSSERVATORIO PERMANENTE CARTA PENNA E DIGITALE\u201d PROMOSSO E ORGANIZZATO DALLA FONDAZIONE LUIGI EINAUDI - Acimga","robots":{"index":"index","follow":"follow","max-snippet":"max-snippet:-1","max-image-preview":"max-image-preview:large","max-video-preview":"max-video-preview:-1"},"canonical":"https:\/\/acimga.it\/it\/federazione-carta-e-grafica-aderisce-all-osservatorio-permanente-carta-penna-e-digitale-promosso-e-organizzato-dalla-fondazione-luigi-einaudi\/","og_locale":"it_IT","og_type":"article","og_title":"FEDERAZIONE CARTA E GRAFICA ADERISCE ALL\u2019 \u201cOSSERVATORIO PERMANENTE CARTA PENNA E DIGITALE\u201d PROMOSSO E ORGANIZZATO DALLA FONDAZIONE LUIGI EINAUDI - Acimga","og_description":"Il 16 novembre, durante l\u2019evento organizzato da Federazione Carta Grafica e Comieco nella cornice di Bookcity 2023, Andrea Cangini, Segretario della Fondazione Einaudi, ha annunciato la costituzione dell\u2019 \u201cOsservatorio permanente carta, penna e digitale\u201d. L\u2019Osservatorio nasce per sviluppare una costante attivit\u00e0 di analisi, ricerca e sensibilizzazione sull\u2019imprescindibilit\u00e0 della lettura su carta e della scrittura a [&hellip;]","og_url":"https:\/\/acimga.it\/it\/federazione-carta-e-grafica-aderisce-all-osservatorio-permanente-carta-penna-e-digitale-promosso-e-organizzato-dalla-fondazione-luigi-einaudi\/","og_site_name":"Acimga","article_published_time":"2023-12-04T11:23:07+00:00","article_modified_time":"2023-12-04T11:39:05+00:00","og_image":[{"width":900,"height":700,"url":"https:\/\/acimga.it\/wp-content\/uploads\/2023\/12\/enaudi-sito.png","type":"image\/png"}],"author":"Gwyn Garrett","twitter_card":"summary_large_image","twitter_creator":"@Acimga1947","twitter_site":"@Acimga1947","twitter_misc":{"Scritto da":"Gwyn Garrett","Tempo di lettura stimato":"3 minuti"},"schema":{"@context":"https:\/\/schema.org","@graph":[{"@type":"Article","@id":"https:\/\/acimga.it\/it\/federazione-carta-e-grafica-aderisce-all-osservatorio-permanente-carta-penna-e-digitale-promosso-e-organizzato-dalla-fondazione-luigi-einaudi\/#article","isPartOf":{"@id":"https:\/\/acimga.it\/it\/federazione-carta-e-grafica-aderisce-all-osservatorio-permanente-carta-penna-e-digitale-promosso-e-organizzato-dalla-fondazione-luigi-einaudi\/"},"author":{"name":"Gwyn Garrett","@id":"https:\/\/acimga.it\/it\/#\/schema\/person\/e7d66db085dfe21491c14f371f7f8a9a"},"headline":"FEDERAZIONE CARTA E GRAFICA ADERISCE ALL\u2019 \u201cOSSERVATORIO PERMANENTE CARTA PENNA E DIGITALE\u201d PROMOSSO E ORGANIZZATO DALLA FONDAZIONE LUIGI EINAUDI","datePublished":"2023-12-04T11:23:07+00:00","dateModified":"2023-12-04T11:39:05+00:00","mainEntityOfPage":{"@id":"https:\/\/acimga.it\/it\/federazione-carta-e-grafica-aderisce-all-osservatorio-permanente-carta-penna-e-digitale-promosso-e-organizzato-dalla-fondazione-luigi-einaudi\/"},"wordCount":452,"commentCount":0,"publisher":{"@id":"https:\/\/acimga.it\/it\/#organization"},"image":{"@id":"https:\/\/acimga.it\/it\/federazione-carta-e-grafica-aderisce-all-osservatorio-permanente-carta-penna-e-digitale-promosso-e-organizzato-dalla-fondazione-luigi-einaudi\/#primaryimage"},"thumbnailUrl":"https:\/\/acimga.it\/wp-content\/uploads\/2023\/12\/enaudi-sito.png","articleSection":["Comunicazione"],"inLanguage":"it-IT","potentialAction":[{"@type":"CommentAction","name":"Comment","target":["https:\/\/acimga.it\/it\/federazione-carta-e-grafica-aderisce-all-osservatorio-permanente-carta-penna-e-digitale-promosso-e-organizzato-dalla-fondazione-luigi-einaudi\/#respond"]}]},{"@type":"WebPage","@id":"https:\/\/acimga.it\/it\/federazione-carta-e-grafica-aderisce-all-osservatorio-permanente-carta-penna-e-digitale-promosso-e-organizzato-dalla-fondazione-luigi-einaudi\/","url":"https:\/\/acimga.it\/it\/federazione-carta-e-grafica-aderisce-all-osservatorio-permanente-carta-penna-e-digitale-promosso-e-organizzato-dalla-fondazione-luigi-einaudi\/","name":"FEDERAZIONE CARTA E GRAFICA ADERISCE ALL\u2019 \u201cOSSERVATORIO PERMANENTE CARTA PENNA E DIGITALE\u201d PROMOSSO E ORGANIZZATO DALLA FONDAZIONE LUIGI EINAUDI - Acimga","isPartOf":{"@id":"https:\/\/acimga.it\/it\/#website"},"primaryImageOfPage":{"@id":"https:\/\/acimga.it\/it\/federazione-carta-e-grafica-aderisce-all-osservatorio-permanente-carta-penna-e-digitale-promosso-e-organizzato-dalla-fondazione-luigi-einaudi\/#primaryimage"},"image":{"@id":"https:\/\/acimga.it\/it\/federazione-carta-e-grafica-aderisce-all-osservatorio-permanente-carta-penna-e-digitale-promosso-e-organizzato-dalla-fondazione-luigi-einaudi\/#primaryimage"},"thumbnailUrl":"https:\/\/acimga.it\/wp-content\/uploads\/2023\/12\/enaudi-sito.png","datePublished":"2023-12-04T11:23:07+00:00","dateModified":"2023-12-04T11:39:05+00:00","breadcrumb":{"@id":"https:\/\/acimga.it\/it\/federazione-carta-e-grafica-aderisce-all-osservatorio-permanente-carta-penna-e-digitale-promosso-e-organizzato-dalla-fondazione-luigi-einaudi\/#breadcrumb"},"inLanguage":"it-IT","potentialAction":[{"@type":"ReadAction","target":["https:\/\/acimga.it\/it\/federazione-carta-e-grafica-aderisce-all-osservatorio-permanente-carta-penna-e-digitale-promosso-e-organizzato-dalla-fondazione-luigi-einaudi\/"]}]},{"@type":"ImageObject","inLanguage":"it-IT","@id":"https:\/\/acimga.it\/it\/federazione-carta-e-grafica-aderisce-all-osservatorio-permanente-carta-penna-e-digitale-promosso-e-organizzato-dalla-fondazione-luigi-einaudi\/#primaryimage","url":"https:\/\/acimga.it\/wp-content\/uploads\/2023\/12\/enaudi-sito.png","contentUrl":"https:\/\/acimga.it\/wp-content\/uploads\/2023\/12\/enaudi-sito.png","width":900,"height":700},{"@type":"BreadcrumbList","@id":"https:\/\/acimga.it\/it\/federazione-carta-e-grafica-aderisce-all-osservatorio-permanente-carta-penna-e-digitale-promosso-e-organizzato-dalla-fondazione-luigi-einaudi\/#breadcrumb","itemListElement":[{"@type":"ListItem","position":1,"name":"Home","item":"https:\/\/acimga.it\/it\/"},{"@type":"ListItem","position":2,"name":"FEDERAZIONE CARTA E GRAFICA ADERISCE ALL\u2019 \u201cOSSERVATORIO PERMANENTE CARTA PENNA E DIGITALE\u201d PROMOSSO E ORGANIZZATO DALLA FONDAZIONE LUIGI EINAUDI"}]},{"@type":"WebSite","@id":"https:\/\/acimga.it\/it\/#website","url":"https:\/\/acimga.it\/it\/","name":"Acimga","description":"Costruttori Italiani di Macchine per l\u2019Industria Grafica, Cartotecnica, Cartaria, di Trasformazione e Affini","publisher":{"@id":"https:\/\/acimga.it\/it\/#organization"},"potentialAction":[{"@type":"SearchAction","target":{"@type":"EntryPoint","urlTemplate":"https:\/\/acimga.it\/it\/?s={search_term_string}"},"query-input":{"@type":"PropertyValueSpecification","valueRequired":true,"valueName":"search_term_string"}}],"inLanguage":"it-IT"},{"@type":"Organization","@id":"https:\/\/acimga.it\/it\/#organization","name":"ACIMGA","url":"https:\/\/acimga.it\/it\/","logo":{"@type":"ImageObject","inLanguage":"it-IT","@id":"https:\/\/acimga.it\/it\/#\/schema\/logo\/image\/","url":"https:\/\/acimga.it\/wp-content\/uploads\/2020\/11\/logo-payoff.svg","contentUrl":"https:\/\/acimga.it\/wp-content\/uploads\/2020\/11\/logo-payoff.svg","width":288,"height":80,"caption":"ACIMGA"},"image":{"@id":"https:\/\/acimga.it\/it\/#\/schema\/logo\/image\/"},"sameAs":["https:\/\/x.com\/Acimga1947","https:\/\/www.linkedin.com\/company\/acimga?trk=nmp_rec_act_company_photo","https:\/\/www.youtube.com\/channel\/UCqzHaOsul8rWTGHSrvq3FUw\/videos"]},{"@type":"Person","@id":"https:\/\/acimga.it\/it\/#\/schema\/person\/e7d66db085dfe21491c14f371f7f8a9a","name":"Gwyn Garrett","image":{"@type":"ImageObject","inLanguage":"it-IT","@id":"https:\/\/secure.gravatar.com\/avatar\/3aef2eca19bf1643ebeb9a8c157d0f87d1f35cd02b69794dd6130fe56ee6afd0?s=96&d=mm&r=g","url":"https:\/\/secure.gravatar.com\/avatar\/3aef2eca19bf1643ebeb9a8c157d0f87d1f35cd02b69794dd6130fe56ee6afd0?s=96&d=mm&r=g","contentUrl":"https:\/\/secure.gravatar.com\/avatar\/3aef2eca19bf1643ebeb9a8c157d0f87d1f35cd02b69794dd6130fe56ee6afd0?s=96&d=mm&r=g","caption":"Gwyn Garrett"},"url":"https:\/\/acimga.it\/it\/author\/gwynedd\/"}]}},"_links":{"self":[{"href":"https:\/\/acimga.it\/it\/wp-json\/wp\/v2\/posts\/11743","targetHints":{"allow":["GET"]}}],"collection":[{"href":"https:\/\/acimga.it\/it\/wp-json\/wp\/v2\/posts"}],"about":[{"href":"https:\/\/acimga.it\/it\/wp-json\/wp\/v2\/types\/post"}],"author":[{"embeddable":true,"href":"https:\/\/acimga.it\/it\/wp-json\/wp\/v2\/users\/586"}],"replies":[{"embeddable":true,"href":"https:\/\/acimga.it\/it\/wp-json\/wp\/v2\/comments?post=11743"}],"version-history":[{"count":3,"href":"https:\/\/acimga.it\/it\/wp-json\/wp\/v2\/posts\/11743\/revisions"}],"predecessor-version":[{"id":11760,"href":"https:\/\/acimga.it\/it\/wp-json\/wp\/v2\/posts\/11743\/revisions\/11760"}],"wp:featuredmedia":[{"embeddable":true,"href":"https:\/\/acimga.it\/it\/wp-json\/wp\/v2\/media\/11753"}],"wp:attachment":[{"href":"https:\/\/acimga.it\/it\/wp-json\/wp\/v2\/media?parent=11743"}],"wp:term":[{"taxonomy":"category","embeddable":true,"href":"https:\/\/acimga.it\/it\/wp-json\/wp\/v2\/categories?post=11743"},{"taxonomy":"post_tag","embeddable":true,"href":"https:\/\/acimga.it\/it\/wp-json\/wp\/v2\/tags?post=11743"}],"curies":[{"name":"wp","href":"https:\/\/api.w.org\/{rel}","templated":true}]}}