{"id":11703,"date":"2023-11-20T08:55:04","date_gmt":"2023-11-20T08:55:04","guid":{"rendered":"https:\/\/acimga.it\/?p=11703"},"modified":"2023-11-20T08:55:04","modified_gmt":"2023-11-20T08:55:04","slug":"federazione-carta-e-grafica-nota-economica-del-centro-studi","status":"publish","type":"post","link":"https:\/\/acimga.it\/it\/federazione-carta-e-grafica-nota-economica-del-centro-studi\/","title":{"rendered":"FEDERAZIONE CARTA E GRAFICA &#8211; NOTA ECONOMICA DEL CENTRO STUDI"},"content":{"rendered":"<p>Il Centro Studi di Federazione Carta e Grafica ha rilasciato la Nota del mese di ottobre, che esamina <strong>i principali risultati al momento disponibili per il 2023 (consuntivi primo semestre e tendenze terzo e quarto trimestre).<\/strong><\/p>\n<p><strong>Nel primo semestre 2023 tutti i valori del complesso dei 4 settori<\/strong> appartenenti alla Federazione Carta e Grafica (macchine per la grafica e la cartotecnica, cartario, grafico e cartotecnico trasformatore), a seguito di un forte rallentamento nel secondo trimestre, <strong>presentano diminuzioni significative rispetto ai valori del primo semestre 2022,<\/strong> che per\u00f2 erano stati influenzati dal processo inflazionistico innescato dalla crisi energetica e delle materie prime. <strong>La diminuzione del fatturato nei primi 6 mesi 2023 \u00e8 a due cifre (-11,4%),<\/strong> portandolo intorno ai 14 miliardi di euro, dai 15,8 miliardi di euro del primo semestre 2022, <strong>ed \u00e8 determinata dalla riduzione sia delle vendite interne (-15,1%), sia dell\u2019export (-5,4%).<\/strong> Calano in modo simile anche le importazioni (-6,3%), confermando il rallentamento del commercio con l\u2019estero e ci\u00f2 determina un discreto calo del saldo della bilancia commerciale (-3,3%), che rimane per\u00f2 ampiamente positivo. <strong>La diminuzione del fatturato del primo semestre 2023 accomuna, con intensit\u00e0 decisamente diverse, tutti settori della Federazione Carta e Grafica: \u00e8 intensa per il settore cartario e per il settore grafico mentre \u00e8 moderata per il settore delle macchine per la grafica e la cartotecnica e per il settore cartotecnico trasformatore.<\/strong><\/p>\n<p><strong>Nel terzo (e quarto) trimestre 2023 lo scenario \u00e8 influenzato dalla preoccupazione dalle imprese della Federazione per motivi molteplici, sia macroeconomici, sia geopolitici, vecchi e nuovi.<\/strong> Sul terzo trimestre 2023 le indicazioni delle aziende sono caratterizzate dal pessimismo o dalla stabilit\u00e0 rispetto alla precedente indagine, seppure con modulazioni diverse a livello di settori e di indicatori. Le indicazioni sono pi\u00f9 pessimistiche nel settore cartario, dove il quadro previsivo subisce nuovi progressivi sensibili deterioramenti fra terzo e quarto trimestre 2023. Oltre al significativo rallentamento macroeconomico italiano e internazionale e alla persistente guerra in Ucraina, le aziende della Federazione, e le cartiere in particolare, sono preoccupati per diversi motivi. L\u2019inflazione, innescata dai rincari delle materie prime, soprattutto energetiche, \u00e8 ancora alta e stenta a rientrare, frenando i consumi, anche dei prodotti cartari. I tassi di interesse sono alti, per la politica di innalzamento della BCE di contrasto all\u2019inflazione, rendendo il credito alle imprese sempre pi\u00f9 oneroso e colpendo la liquidit\u00e0 dei clienti del settore. Pesa soprattutto sulle cartiere la perdita di competitivit\u00e0 nei confronti dei competitor esteri, anche Ue, che operano con costi energetici meno onerosi. Gli impatti del conflitto in Medio Oriente su prezzi e rotte di approvvigionamento di gas ed energia destano ulteriore preoccupazione. Da ultimo gli alti costi di trasporto, per le quotazioni dei carburanti ancora elevate, deprimono persistentemente la domanda estera del comparto.<\/p>\n<p><a href=\"https:\/\/acimga.it\/wp-content\/uploads\/2023\/11\/Nota-Centro-Studi-Federazione-Carta-e-Grafica_ott.2023.pdf\"><strong><em>La Nota Integrale \u00e8 disponibile qui.<\/em><\/strong><\/a><\/p>\n","protected":false},"excerpt":{"rendered":"<p>Il Centro Studi di Federazione Carta e Grafica ha rilasciato la Nota del mese di ottobre, che esamina i principali risultati al momento disponibili per il 2023 (consuntivi primo semestre e tendenze terzo e quarto trimestre). Nel primo semestre 2023 tutti i valori del complesso dei 4 settori appartenenti alla Federazione Carta e Grafica (macchine [&hellip;]<\/p>\n","protected":false},"author":586,"featured_media":11705,"comment_status":"open","ping_status":"open","sticky":false,"template":"","format":"standard","meta":{"_et_pb_use_builder":"off","_et_pb_old_content":"","_et_gb_content_width":"","footnotes":""},"categories":[1],"tags":[],"class_list":["post-11703","post","type-post","status-publish","format-standard","has-post-thumbnail","hentry","category-news"],"acf":[],"yoast_head":"<!-- This site is optimized with the Yoast SEO plugin v27.5 - https:\/\/yoast.com\/product\/yoast-seo-wordpress\/ -->\n<title>FEDERAZIONE CARTA E GRAFICA - NOTA ECONOMICA DEL CENTRO STUDI - Acimga<\/title>\n<meta name=\"robots\" content=\"index, follow, max-snippet:-1, max-image-preview:large, max-video-preview:-1\" \/>\n<link rel=\"canonical\" href=\"https:\/\/acimga.it\/it\/federazione-carta-e-grafica-nota-economica-del-centro-studi\/\" \/>\n<meta property=\"og:locale\" content=\"it_IT\" \/>\n<meta property=\"og:type\" content=\"article\" \/>\n<meta property=\"og:title\" content=\"FEDERAZIONE CARTA E GRAFICA - NOTA ECONOMICA DEL CENTRO STUDI - Acimga\" \/>\n<meta property=\"og:description\" content=\"Il Centro Studi di Federazione Carta e Grafica ha rilasciato la Nota del mese di ottobre, che esamina i principali risultati al momento disponibili per il 2023 (consuntivi primo semestre e tendenze terzo e quarto trimestre). Nel primo semestre 2023 tutti i valori del complesso dei 4 settori appartenenti alla Federazione Carta e Grafica (macchine [&hellip;]\" \/>\n<meta property=\"og:url\" content=\"https:\/\/acimga.it\/it\/federazione-carta-e-grafica-nota-economica-del-centro-studi\/\" \/>\n<meta property=\"og:site_name\" content=\"Acimga\" \/>\n<meta property=\"article:published_time\" content=\"2023-11-20T08:55:04+00:00\" \/>\n<meta property=\"og:image\" content=\"https:\/\/acimga.it\/wp-content\/uploads\/2023\/11\/sito-centro-studi.png\" \/>\n\t<meta property=\"og:image:width\" content=\"900\" \/>\n\t<meta property=\"og:image:height\" content=\"700\" \/>\n\t<meta property=\"og:image:type\" content=\"image\/png\" \/>\n<meta name=\"author\" content=\"Gwyn Garrett\" \/>\n<meta name=\"twitter:card\" content=\"summary_large_image\" \/>\n<meta name=\"twitter:creator\" content=\"@Acimga1947\" \/>\n<meta name=\"twitter:site\" content=\"@Acimga1947\" \/>\n<meta name=\"twitter:label1\" content=\"Scritto da\" \/>\n\t<meta name=\"twitter:data1\" content=\"Gwyn Garrett\" \/>\n\t<meta name=\"twitter:label2\" content=\"Tempo di lettura stimato\" \/>\n\t<meta name=\"twitter:data2\" content=\"3 minuti\" \/>\n<script type=\"application\/ld+json\" class=\"yoast-schema-graph\">{\"@context\":\"https:\\\/\\\/schema.org\",\"@graph\":[{\"@type\":\"Article\",\"@id\":\"https:\\\/\\\/acimga.it\\\/it\\\/federazione-carta-e-grafica-nota-economica-del-centro-studi\\\/#article\",\"isPartOf\":{\"@id\":\"https:\\\/\\\/acimga.it\\\/it\\\/federazione-carta-e-grafica-nota-economica-del-centro-studi\\\/\"},\"author\":{\"name\":\"Gwyn Garrett\",\"@id\":\"https:\\\/\\\/acimga.it\\\/it\\\/#\\\/schema\\\/person\\\/e7d66db085dfe21491c14f371f7f8a9a\"},\"headline\":\"FEDERAZIONE CARTA E GRAFICA &#8211; NOTA ECONOMICA DEL CENTRO STUDI\",\"datePublished\":\"2023-11-20T08:55:04+00:00\",\"mainEntityOfPage\":{\"@id\":\"https:\\\/\\\/acimga.it\\\/it\\\/federazione-carta-e-grafica-nota-economica-del-centro-studi\\\/\"},\"wordCount\":452,\"commentCount\":0,\"publisher\":{\"@id\":\"https:\\\/\\\/acimga.it\\\/it\\\/#organization\"},\"image\":{\"@id\":\"https:\\\/\\\/acimga.it\\\/it\\\/federazione-carta-e-grafica-nota-economica-del-centro-studi\\\/#primaryimage\"},\"thumbnailUrl\":\"https:\\\/\\\/acimga.it\\\/wp-content\\\/uploads\\\/2023\\\/11\\\/sito-centro-studi.png\",\"articleSection\":[\"Comunicazione\"],\"inLanguage\":\"it-IT\",\"potentialAction\":[{\"@type\":\"CommentAction\",\"name\":\"Comment\",\"target\":[\"https:\\\/\\\/acimga.it\\\/it\\\/federazione-carta-e-grafica-nota-economica-del-centro-studi\\\/#respond\"]}]},{\"@type\":\"WebPage\",\"@id\":\"https:\\\/\\\/acimga.it\\\/it\\\/federazione-carta-e-grafica-nota-economica-del-centro-studi\\\/\",\"url\":\"https:\\\/\\\/acimga.it\\\/it\\\/federazione-carta-e-grafica-nota-economica-del-centro-studi\\\/\",\"name\":\"FEDERAZIONE CARTA E GRAFICA - NOTA ECONOMICA DEL CENTRO STUDI - Acimga\",\"isPartOf\":{\"@id\":\"https:\\\/\\\/acimga.it\\\/it\\\/#website\"},\"primaryImageOfPage\":{\"@id\":\"https:\\\/\\\/acimga.it\\\/it\\\/federazione-carta-e-grafica-nota-economica-del-centro-studi\\\/#primaryimage\"},\"image\":{\"@id\":\"https:\\\/\\\/acimga.it\\\/it\\\/federazione-carta-e-grafica-nota-economica-del-centro-studi\\\/#primaryimage\"},\"thumbnailUrl\":\"https:\\\/\\\/acimga.it\\\/wp-content\\\/uploads\\\/2023\\\/11\\\/sito-centro-studi.png\",\"datePublished\":\"2023-11-20T08:55:04+00:00\",\"breadcrumb\":{\"@id\":\"https:\\\/\\\/acimga.it\\\/it\\\/federazione-carta-e-grafica-nota-economica-del-centro-studi\\\/#breadcrumb\"},\"inLanguage\":\"it-IT\",\"potentialAction\":[{\"@type\":\"ReadAction\",\"target\":[\"https:\\\/\\\/acimga.it\\\/it\\\/federazione-carta-e-grafica-nota-economica-del-centro-studi\\\/\"]}]},{\"@type\":\"ImageObject\",\"inLanguage\":\"it-IT\",\"@id\":\"https:\\\/\\\/acimga.it\\\/it\\\/federazione-carta-e-grafica-nota-economica-del-centro-studi\\\/#primaryimage\",\"url\":\"https:\\\/\\\/acimga.it\\\/wp-content\\\/uploads\\\/2023\\\/11\\\/sito-centro-studi.png\",\"contentUrl\":\"https:\\\/\\\/acimga.it\\\/wp-content\\\/uploads\\\/2023\\\/11\\\/sito-centro-studi.png\",\"width\":900,\"height\":700},{\"@type\":\"BreadcrumbList\",\"@id\":\"https:\\\/\\\/acimga.it\\\/it\\\/federazione-carta-e-grafica-nota-economica-del-centro-studi\\\/#breadcrumb\",\"itemListElement\":[{\"@type\":\"ListItem\",\"position\":1,\"name\":\"Home\",\"item\":\"https:\\\/\\\/acimga.it\\\/it\\\/\"},{\"@type\":\"ListItem\",\"position\":2,\"name\":\"FEDERAZIONE CARTA E GRAFICA &#8211; NOTA ECONOMICA DEL CENTRO STUDI\"}]},{\"@type\":\"WebSite\",\"@id\":\"https:\\\/\\\/acimga.it\\\/it\\\/#website\",\"url\":\"https:\\\/\\\/acimga.it\\\/it\\\/\",\"name\":\"Acimga\",\"description\":\"Costruttori Italiani di Macchine per l\u2019Industria Grafica, Cartotecnica, Cartaria, di Trasformazione e Affini\",\"publisher\":{\"@id\":\"https:\\\/\\\/acimga.it\\\/it\\\/#organization\"},\"potentialAction\":[{\"@type\":\"SearchAction\",\"target\":{\"@type\":\"EntryPoint\",\"urlTemplate\":\"https:\\\/\\\/acimga.it\\\/it\\\/?s={search_term_string}\"},\"query-input\":{\"@type\":\"PropertyValueSpecification\",\"valueRequired\":true,\"valueName\":\"search_term_string\"}}],\"inLanguage\":\"it-IT\"},{\"@type\":\"Organization\",\"@id\":\"https:\\\/\\\/acimga.it\\\/it\\\/#organization\",\"name\":\"ACIMGA\",\"url\":\"https:\\\/\\\/acimga.it\\\/it\\\/\",\"logo\":{\"@type\":\"ImageObject\",\"inLanguage\":\"it-IT\",\"@id\":\"https:\\\/\\\/acimga.it\\\/it\\\/#\\\/schema\\\/logo\\\/image\\\/\",\"url\":\"https:\\\/\\\/acimga.it\\\/wp-content\\\/uploads\\\/2020\\\/11\\\/logo-payoff.svg\",\"contentUrl\":\"https:\\\/\\\/acimga.it\\\/wp-content\\\/uploads\\\/2020\\\/11\\\/logo-payoff.svg\",\"width\":288,\"height\":80,\"caption\":\"ACIMGA\"},\"image\":{\"@id\":\"https:\\\/\\\/acimga.it\\\/it\\\/#\\\/schema\\\/logo\\\/image\\\/\"},\"sameAs\":[\"https:\\\/\\\/x.com\\\/Acimga1947\",\"https:\\\/\\\/www.linkedin.com\\\/company\\\/acimga?trk=nmp_rec_act_company_photo\",\"https:\\\/\\\/www.youtube.com\\\/channel\\\/UCqzHaOsul8rWTGHSrvq3FUw\\\/videos\"]},{\"@type\":\"Person\",\"@id\":\"https:\\\/\\\/acimga.it\\\/it\\\/#\\\/schema\\\/person\\\/e7d66db085dfe21491c14f371f7f8a9a\",\"name\":\"Gwyn Garrett\",\"image\":{\"@type\":\"ImageObject\",\"inLanguage\":\"it-IT\",\"@id\":\"https:\\\/\\\/secure.gravatar.com\\\/avatar\\\/3aef2eca19bf1643ebeb9a8c157d0f87d1f35cd02b69794dd6130fe56ee6afd0?s=96&d=mm&r=g\",\"url\":\"https:\\\/\\\/secure.gravatar.com\\\/avatar\\\/3aef2eca19bf1643ebeb9a8c157d0f87d1f35cd02b69794dd6130fe56ee6afd0?s=96&d=mm&r=g\",\"contentUrl\":\"https:\\\/\\\/secure.gravatar.com\\\/avatar\\\/3aef2eca19bf1643ebeb9a8c157d0f87d1f35cd02b69794dd6130fe56ee6afd0?s=96&d=mm&r=g\",\"caption\":\"Gwyn Garrett\"},\"url\":\"https:\\\/\\\/acimga.it\\\/it\\\/author\\\/gwynedd\\\/\"}]}<\/script>\n<!-- \/ Yoast SEO plugin. -->","yoast_head_json":{"title":"FEDERAZIONE CARTA E GRAFICA - NOTA ECONOMICA DEL CENTRO STUDI - Acimga","robots":{"index":"index","follow":"follow","max-snippet":"max-snippet:-1","max-image-preview":"max-image-preview:large","max-video-preview":"max-video-preview:-1"},"canonical":"https:\/\/acimga.it\/it\/federazione-carta-e-grafica-nota-economica-del-centro-studi\/","og_locale":"it_IT","og_type":"article","og_title":"FEDERAZIONE CARTA E GRAFICA - NOTA ECONOMICA DEL CENTRO STUDI - Acimga","og_description":"Il Centro Studi di Federazione Carta e Grafica ha rilasciato la Nota del mese di ottobre, che esamina i principali risultati al momento disponibili per il 2023 (consuntivi primo semestre e tendenze terzo e quarto trimestre). Nel primo semestre 2023 tutti i valori del complesso dei 4 settori appartenenti alla Federazione Carta e Grafica (macchine [&hellip;]","og_url":"https:\/\/acimga.it\/it\/federazione-carta-e-grafica-nota-economica-del-centro-studi\/","og_site_name":"Acimga","article_published_time":"2023-11-20T08:55:04+00:00","og_image":[{"width":900,"height":700,"url":"https:\/\/acimga.it\/wp-content\/uploads\/2023\/11\/sito-centro-studi.png","type":"image\/png"}],"author":"Gwyn Garrett","twitter_card":"summary_large_image","twitter_creator":"@Acimga1947","twitter_site":"@Acimga1947","twitter_misc":{"Scritto da":"Gwyn Garrett","Tempo di lettura stimato":"3 minuti"},"schema":{"@context":"https:\/\/schema.org","@graph":[{"@type":"Article","@id":"https:\/\/acimga.it\/it\/federazione-carta-e-grafica-nota-economica-del-centro-studi\/#article","isPartOf":{"@id":"https:\/\/acimga.it\/it\/federazione-carta-e-grafica-nota-economica-del-centro-studi\/"},"author":{"name":"Gwyn Garrett","@id":"https:\/\/acimga.it\/it\/#\/schema\/person\/e7d66db085dfe21491c14f371f7f8a9a"},"headline":"FEDERAZIONE CARTA E GRAFICA &#8211; NOTA ECONOMICA DEL CENTRO STUDI","datePublished":"2023-11-20T08:55:04+00:00","mainEntityOfPage":{"@id":"https:\/\/acimga.it\/it\/federazione-carta-e-grafica-nota-economica-del-centro-studi\/"},"wordCount":452,"commentCount":0,"publisher":{"@id":"https:\/\/acimga.it\/it\/#organization"},"image":{"@id":"https:\/\/acimga.it\/it\/federazione-carta-e-grafica-nota-economica-del-centro-studi\/#primaryimage"},"thumbnailUrl":"https:\/\/acimga.it\/wp-content\/uploads\/2023\/11\/sito-centro-studi.png","articleSection":["Comunicazione"],"inLanguage":"it-IT","potentialAction":[{"@type":"CommentAction","name":"Comment","target":["https:\/\/acimga.it\/it\/federazione-carta-e-grafica-nota-economica-del-centro-studi\/#respond"]}]},{"@type":"WebPage","@id":"https:\/\/acimga.it\/it\/federazione-carta-e-grafica-nota-economica-del-centro-studi\/","url":"https:\/\/acimga.it\/it\/federazione-carta-e-grafica-nota-economica-del-centro-studi\/","name":"FEDERAZIONE CARTA E GRAFICA - NOTA ECONOMICA DEL CENTRO STUDI - Acimga","isPartOf":{"@id":"https:\/\/acimga.it\/it\/#website"},"primaryImageOfPage":{"@id":"https:\/\/acimga.it\/it\/federazione-carta-e-grafica-nota-economica-del-centro-studi\/#primaryimage"},"image":{"@id":"https:\/\/acimga.it\/it\/federazione-carta-e-grafica-nota-economica-del-centro-studi\/#primaryimage"},"thumbnailUrl":"https:\/\/acimga.it\/wp-content\/uploads\/2023\/11\/sito-centro-studi.png","datePublished":"2023-11-20T08:55:04+00:00","breadcrumb":{"@id":"https:\/\/acimga.it\/it\/federazione-carta-e-grafica-nota-economica-del-centro-studi\/#breadcrumb"},"inLanguage":"it-IT","potentialAction":[{"@type":"ReadAction","target":["https:\/\/acimga.it\/it\/federazione-carta-e-grafica-nota-economica-del-centro-studi\/"]}]},{"@type":"ImageObject","inLanguage":"it-IT","@id":"https:\/\/acimga.it\/it\/federazione-carta-e-grafica-nota-economica-del-centro-studi\/#primaryimage","url":"https:\/\/acimga.it\/wp-content\/uploads\/2023\/11\/sito-centro-studi.png","contentUrl":"https:\/\/acimga.it\/wp-content\/uploads\/2023\/11\/sito-centro-studi.png","width":900,"height":700},{"@type":"BreadcrumbList","@id":"https:\/\/acimga.it\/it\/federazione-carta-e-grafica-nota-economica-del-centro-studi\/#breadcrumb","itemListElement":[{"@type":"ListItem","position":1,"name":"Home","item":"https:\/\/acimga.it\/it\/"},{"@type":"ListItem","position":2,"name":"FEDERAZIONE CARTA E GRAFICA &#8211; NOTA ECONOMICA DEL CENTRO STUDI"}]},{"@type":"WebSite","@id":"https:\/\/acimga.it\/it\/#website","url":"https:\/\/acimga.it\/it\/","name":"Acimga","description":"Costruttori Italiani di Macchine per l\u2019Industria Grafica, Cartotecnica, Cartaria, di Trasformazione e Affini","publisher":{"@id":"https:\/\/acimga.it\/it\/#organization"},"potentialAction":[{"@type":"SearchAction","target":{"@type":"EntryPoint","urlTemplate":"https:\/\/acimga.it\/it\/?s={search_term_string}"},"query-input":{"@type":"PropertyValueSpecification","valueRequired":true,"valueName":"search_term_string"}}],"inLanguage":"it-IT"},{"@type":"Organization","@id":"https:\/\/acimga.it\/it\/#organization","name":"ACIMGA","url":"https:\/\/acimga.it\/it\/","logo":{"@type":"ImageObject","inLanguage":"it-IT","@id":"https:\/\/acimga.it\/it\/#\/schema\/logo\/image\/","url":"https:\/\/acimga.it\/wp-content\/uploads\/2020\/11\/logo-payoff.svg","contentUrl":"https:\/\/acimga.it\/wp-content\/uploads\/2020\/11\/logo-payoff.svg","width":288,"height":80,"caption":"ACIMGA"},"image":{"@id":"https:\/\/acimga.it\/it\/#\/schema\/logo\/image\/"},"sameAs":["https:\/\/x.com\/Acimga1947","https:\/\/www.linkedin.com\/company\/acimga?trk=nmp_rec_act_company_photo","https:\/\/www.youtube.com\/channel\/UCqzHaOsul8rWTGHSrvq3FUw\/videos"]},{"@type":"Person","@id":"https:\/\/acimga.it\/it\/#\/schema\/person\/e7d66db085dfe21491c14f371f7f8a9a","name":"Gwyn Garrett","image":{"@type":"ImageObject","inLanguage":"it-IT","@id":"https:\/\/secure.gravatar.com\/avatar\/3aef2eca19bf1643ebeb9a8c157d0f87d1f35cd02b69794dd6130fe56ee6afd0?s=96&d=mm&r=g","url":"https:\/\/secure.gravatar.com\/avatar\/3aef2eca19bf1643ebeb9a8c157d0f87d1f35cd02b69794dd6130fe56ee6afd0?s=96&d=mm&r=g","contentUrl":"https:\/\/secure.gravatar.com\/avatar\/3aef2eca19bf1643ebeb9a8c157d0f87d1f35cd02b69794dd6130fe56ee6afd0?s=96&d=mm&r=g","caption":"Gwyn Garrett"},"url":"https:\/\/acimga.it\/it\/author\/gwynedd\/"}]}},"_links":{"self":[{"href":"https:\/\/acimga.it\/it\/wp-json\/wp\/v2\/posts\/11703","targetHints":{"allow":["GET"]}}],"collection":[{"href":"https:\/\/acimga.it\/it\/wp-json\/wp\/v2\/posts"}],"about":[{"href":"https:\/\/acimga.it\/it\/wp-json\/wp\/v2\/types\/post"}],"author":[{"embeddable":true,"href":"https:\/\/acimga.it\/it\/wp-json\/wp\/v2\/users\/586"}],"replies":[{"embeddable":true,"href":"https:\/\/acimga.it\/it\/wp-json\/wp\/v2\/comments?post=11703"}],"version-history":[{"count":1,"href":"https:\/\/acimga.it\/it\/wp-json\/wp\/v2\/posts\/11703\/revisions"}],"predecessor-version":[{"id":11706,"href":"https:\/\/acimga.it\/it\/wp-json\/wp\/v2\/posts\/11703\/revisions\/11706"}],"wp:featuredmedia":[{"embeddable":true,"href":"https:\/\/acimga.it\/it\/wp-json\/wp\/v2\/media\/11705"}],"wp:attachment":[{"href":"https:\/\/acimga.it\/it\/wp-json\/wp\/v2\/media?parent=11703"}],"wp:term":[{"taxonomy":"category","embeddable":true,"href":"https:\/\/acimga.it\/it\/wp-json\/wp\/v2\/categories?post=11703"},{"taxonomy":"post_tag","embeddable":true,"href":"https:\/\/acimga.it\/it\/wp-json\/wp\/v2\/tags?post=11703"}],"curies":[{"name":"wp","href":"https:\/\/api.w.org\/{rel}","templated":true}]}}