{"id":11247,"date":"2023-06-05T10:20:46","date_gmt":"2023-06-05T10:20:46","guid":{"rendered":"https:\/\/acimga.it\/?p=11247"},"modified":"2023-06-05T10:20:53","modified_gmt":"2023-06-05T10:20:53","slug":"aperte-le-registrazioni-per-print4all-conference","status":"publish","type":"post","link":"https:\/\/acimga.it\/it\/aperte-le-registrazioni-per-print4all-conference\/","title":{"rendered":"APERTE LE REGISTRAZIONI PER PRINT4ALL CONFERENCE"},"content":{"rendered":"<p>[et_pb_section fb_built=&#8221;1&#8243; admin_label=&#8221;section&#8221; _builder_version=&#8221;4.16&#8243; global_colors_info=&#8221;{}&#8221;][et_pb_row admin_label=&#8221;row&#8221; _builder_version=&#8221;4.16&#8243; background_size=&#8221;initial&#8221; background_position=&#8221;top_left&#8221; background_repeat=&#8221;repeat&#8221; global_colors_info=&#8221;{}&#8221;][et_pb_column type=&#8221;4_4&#8243; _builder_version=&#8221;4.16&#8243; custom_padding=&#8221;|||&#8221; global_colors_info=&#8221;{}&#8221; custom_padding__hover=&#8221;|||&#8221;][et_pb_text admin_label=&#8221;Text&#8221; _builder_version=&#8221;4.21.0&#8243; background_size=&#8221;initial&#8221; background_position=&#8221;top_left&#8221; background_repeat=&#8221;repeat&#8221; global_colors_info=&#8221;{}&#8221;]<\/p>\n<p>Sono aperte le registrazioni per Print4All Conference 2023.<\/p>\n<p>Dopo il successo della seconda edizione di Print4All le Associazioni ARGI e ACIMGA, in collaborazione con Fiera Milano, sono al lavoro per organizzare la <strong>PRINT4All Conference, che si terr\u00e0 il 6 luglio a Stresa<\/strong> e sar\u00e0 il prossimo appuntamento della piattaforma internazionale che riunisce e sostiene l\u2019intera filiera della grafica e della comunicazione per accompagnarla verso l\u2019edizione 2025.<\/p>\n<p>Un momento dedicato ai temi pi\u00f9 caldi del mercato della stampa, declinati nelle tre verticali<\/p>\n<p><strong>Packaging &amp; Labelling | Commercial printing | Industrial &amp; Wide format<\/strong><\/p>\n<p>Il programma\u00a0 offre l\u2019opportunit\u00e0 a tutti i partecipanti di essere aggiornati su quanto accade nel proprio mercato di riferimento), ma anche nei mercati limitrofi. <strong>Si parler\u00e0 di MERCATO<\/strong> insieme ad importanti analisti di mercato internazionali, avremo poi<strong> l\u2019opportunit\u00e0 di ascoltare chi genera domanda di stampa per la comunicazione e per il packaging e di approfondire il tema della convergenza<\/strong>. Al pomeriggio le opportunit\u00e0 per le imprese nell\u2019ambito della <strong>finanza straordinaria e delle agevolazioni fiscali<\/strong>, poi una <strong>riflessione sulla direttiva packaging e l\u2019impatto sulla nostra industry<\/strong>. Per concludere, <strong>uno scenario sul ruolo della stampa oggi e domani nei diversi ambiti applicativi.<\/strong><\/p>\n<p>[\/et_pb_text][et_pb_image src=&#8221;https:\/\/acimga.it\/wp-content\/uploads\/2023\/06\/Immagine-2023-06-01-163312.png&#8221; _builder_version=&#8221;4.21.0&#8243; _module_preset=&#8221;default&#8221; global_colors_info=&#8221;{}&#8221;][\/et_pb_image][et_pb_text admin_label=&#8221;Text&#8221; _builder_version=&#8221;4.21.0&#8243; background_size=&#8221;initial&#8221; background_position=&#8221;top_left&#8221; background_repeat=&#8221;repeat&#8221; global_colors_info=&#8221;{}&#8221;]<\/p>\n<p>Il mondo del printing \u00e8 un settore tecnologico dall\u2019alto valore innovativo e virtuoso in ottica di circolarit\u00e0 ed efficienza produttiva; nel contesto corrente di costante mutamento diventa perci\u00f2 fondamentale sostenere l\u2019intera filiera della stampa e della comunicazione fornendo una piattaforma internazionale e nazionale aggregante ed inclusiva, dedicata ai temi pi\u00f9 caldi del mercato, sotto il segno della trasversalit\u00e0 e della convergenza tecnologica e applicativa. Un aggiornamento di scenario sui trend di mercato e le sfide da affrontare nel prossimo biennio, declinati nelle tre verticali che costituiscono i pilastri di Print4All: packaging &amp; labelling, commercial printing e graphic arts e industrial &amp; wide format.<\/p>\n<p><strong>Gli approfondimenti VERTICALI saranno a cura delle aziende sponsor che potranno usufruire della nuova iniziativa I LABORATORI DI PRINT4ALL CONFERENCE.<\/strong> Una iniziativa voluta per portare il meglio delle novit\u00e0 tecnologiche e applicative, un&#8217;occasione unica per intrattenere gli invitati in un modo interattivo e riservato. I laboratori infatti permetteranno di avere una aula attenta e specializzata.<\/p>\n<p><strong>Parola chiave dell\u2019edizione 2023 \u00e8 CONVERGENZA: la convergenza di tecnologie, di applicazioni e di mercati, nel futuro di una stampa sostenibile ed efficace che si declina in tutti i segmenti dell\u2019industria, dalla grafica al commerciale, dal packaging, all\u2019industriale.<\/strong><\/p>\n<h4><a href=\"https:\/\/www.eventbrite.it\/e\/biglietti-print4all-conference-2023-645214041567\"><em><strong>Per registrarsi cliccare qui<\/strong><\/em><\/a><\/h4>\n<p><em>Per saperne di pi\u00f9 contatta la Segreteria ACIMGA scrivendo a gmerli@acimga.it.<\/em><\/p>\n<p><span style=\"color: #008000;\"><a style=\"color: #008000;\" href=\"https:\/\/conference.print4all.it\/\"><em><strong>Rimani aggiornato con tutte le ultime info sul sito dell&#8217;evento, disponibile qui.<\/strong><\/em><\/a><\/span><\/p>\n<p>[\/et_pb_text][\/et_pb_column][\/et_pb_row][\/et_pb_section][et_pb_section fb_built=&#8221;1&#8243; _builder_version=&#8221;4.21.0&#8243; _module_preset=&#8221;default&#8221; global_colors_info=&#8221;{}&#8221;][et_pb_row _builder_version=&#8221;4.21.0&#8243; _module_preset=&#8221;default&#8221; global_colors_info=&#8221;{}&#8221;][et_pb_column type=&#8221;4_4&#8243; _builder_version=&#8221;4.21.0&#8243; _module_preset=&#8221;default&#8221; global_colors_info=&#8221;{}&#8221;][\/et_pb_column][\/et_pb_row][\/et_pb_section]<\/p>\n","protected":false},"excerpt":{"rendered":"<p>Sono aperte le registrazioni per Print4All Conference 2023. Dopo il successo della seconda edizione di Print4All le Associazioni ARGI e ACIMGA, in collaborazione con Fiera Milano, sono al lavoro per organizzare la PRINT4All Conference, che si terr\u00e0 il 6 luglio a Stresa e sar\u00e0 il prossimo appuntamento della piattaforma internazionale che riunisce e sostiene l\u2019intera [&hellip;]<\/p>\n","protected":false},"author":586,"featured_media":11034,"comment_status":"open","ping_status":"open","sticky":false,"template":"","format":"standard","meta":{"_et_pb_use_builder":"on","_et_pb_old_content":"Dopo il successo della seconda edizione di <strong>Print4All<\/strong>, il percorso verso la prossima manifestazione fieristica, che si terr\u00e0 a Fiera Milano <strong>dal 27 al 30 maggio 2025<\/strong>, riparte con la <strong>Print4All Conference 2023,<\/strong> fondamentale appuntamento di confronto e informazione, organizzato da Acimga e Argi, in collaborazione con Fiera Milano.\r\n\r\nPrint4All Conference 2023 si terr\u00e0 il <strong>6 luglio a Stresa<\/strong>, nello splendido contesto del Lago Maggiore. Tappa fondamentale della Roadmap to Print4All, \u00e8 un progetto di sistema che, sin dalla sua prima edizione nel 2016, si pone l\u2019obiettivo di essere <strong>un \u201ctool\u201d al servizio di tutte le community nell\u2019industria della stampa e del converting<\/strong>, con la precisa volont\u00e0 di implementare la coesione dell\u2019industria per continuare ad assicurarne crescita e longevit\u00e0. Un appuntamento <strong>per tutta la filiera<\/strong>, <strong>per tutte le tecnologie<\/strong> e <strong>per tutte le applicazioni di stampa<\/strong>, dedicato a tutti gli attori coinvolti nella progettazione e nell\u2019utilizzo dell\u2019innovazione nel mondo della stampa.\r\n\r\n<em>\u201cPrint4All Conference \u00e8 l\u2019appuntamento internazionale che crea valore per la nostra fiera, Print4All, ed \u00e8 un riferimento per tutta la community globale del converting, del package printing, del labelling, e della stampa commerciale e industriale.\u201d <\/em>- spiega <strong>Daniele Barbui<\/strong>, Presidente di <strong>Acimga<\/strong> -\u00a0 \u201c<em>\u00c8 un\u2019occasione di networking, ma anche di consolidamento del mercato, per un settore che <\/em><em>nonostante le difficolt\u00e0 di approvvigionamento causate del conflitto ucraino e dagli andamenti inflativi, rimane in tenuta rispetto alla crisi congiunturale politico-economica ed energetica e con prospettive ottimistiche anche per il 2023\u201d.<\/em>\r\n\r\n<em>\u201c<\/em><em>Print4All Conference 2023 \u00e8 pi\u00f9 di una semplice conferenza. \u00c8 un momento preciso e strategico di un progetto di sistema che da 7 anni \u00e8 al servizio di tutte le aziende nell\u2019industria della stampa e del converting\u201d - aggiunge <strong>Antonio Maiorano<\/strong>, Presidente <strong>ARGI<\/strong> - \u201cPer questo motivo abbiamo coniato il claim \u2018Driving the printing community to the future\u2019, perch\u00e9 con costanza e cadenza ravvicinata vogliamo dare strumenti concreti a tutti gli operatori dell\u2019industria per navigare questo mercato e fare scelte di business consapevoli e di successo\u201d.<\/em>\r\n\r\nParola chiave dell\u2019edizione 2023 sar\u00e0 <strong>CONVERGENZA<\/strong>: la convergenza di tecnologie, di applicazioni e di mercati, nel futuro di una stampa sostenibile ed efficace, che si declina in tutti i segmenti dell\u2019industria, dalla grafica al commerciale, dal packaging, all\u2019industriale. Il mondo del printing \u00e8 un settore tecnologico dall\u2019alto valore innovativo e virtuoso in ottica di circolarit\u00e0 ed efficienza produttiva; nel contesto corrente di costante mutamento diventa perci\u00f2 fondamentale <strong>sostenere l\u2019intera filiera della stampa e della comunicazione<\/strong> fornendo una piattaforma internazionale e nazionale aggregante ed inclusiva, dedicata ai temi pi\u00f9 caldi del mercato<strong>, <\/strong>sotto il segno della trasversalit\u00e0 e della convergenza tecnologica e applicativa.\r\n\r\nLa Conference rappresenta un aggiornamento di scenario annuale, che guider\u00e0 la filiera verso l\u2019appuntamento fieristico del 2025 e che si focalizzer\u00e0 sui <strong>trend di mercato e le sfide da affrontare nel prossimo biennio<\/strong>, declinati nelle tre verticali che costituiscono i pilastri di Print4All: packaging & labelling, commercial printing & graphic arts e industrial & wide format.\r\n\r\nA conferma della sua vocazione aggregante ed inclusiva, i lavori di Print4All Conference hanno preso ufficialmente il via con il primo incontro di uno <strong>Steering Committee<\/strong> dedicato all\u2019evento, tenutosi il 9 di febbraio e composto da rappresentanti di alcune aziende di Acimga e Argi. Presenti all\u2019incontro Andrea Pasquinelli, Product Marketing Manager - BOBST, Marco Dusi, Professional Print & Services Marketing Manager - Canon, Mario Gazzani, Packaging Service Manager - Fujifilm, Manuela Pedrani, Ufficio Commerciale e Marketing - Koenig&Bauer, Federico Raviele, Product Manager Production Printing -Konica Minolta, Massimo Bellingardi Responsabile Comunicazione e Marketing -Omet, Stefano Mercante Company Brand Image Coordinator - Re, Maria Cannadoro Channel Marketing Manager - Ricoh, Gianluca Lodigiani Sales Account - Rossini, e Mattia Carpinetti Marketing Manager - Uteco. Obiettivo dello Steering Committee \u00e8 raccogliere input e suggerimenti utili a costruire un evento rappresentativo per tutto il mondo del printing, in cui le aziende possano rispecchiarsi e allo stesso tempo trovare contenuti dall\u2019alto valore aggiunto.\r\n\r\nPrint4All Conference \u00e8 organizzato da <strong>Acimga<\/strong> (Associazione Costruttori Italiani Macchine per l\u2019Industria Grafica, Cartotecnica, Cartaria, di Trasformazione e Affini) e <strong>ARGI<\/strong> (Associazione Fornitori Industria Grafica) in collaborazione con <strong>Fiera Milano<\/strong> e con il supporto di <strong>ITA<\/strong> (Italian Trade Agency, l'agenzia governativa che supporta lo sviluppo delle imprese italiane all'estero). Print4All Conference \u00e8 l\u2019appuntamento principale di una roadmap di eventi verso Print4All 2025 (27-30 maggio - Fiera Milano, Rho).","_et_gb_content_width":"","footnotes":""},"categories":[1],"tags":[],"class_list":["post-11247","post","type-post","status-publish","format-standard","has-post-thumbnail","hentry","category-news"],"acf":[],"yoast_head":"<!-- This site is optimized with the Yoast SEO plugin v27.5 - https:\/\/yoast.com\/product\/yoast-seo-wordpress\/ -->\n<title>APERTE LE REGISTRAZIONI PER PRINT4ALL CONFERENCE - Acimga<\/title>\n<meta name=\"robots\" content=\"index, follow, max-snippet:-1, max-image-preview:large, max-video-preview:-1\" \/>\n<link rel=\"canonical\" href=\"https:\/\/acimga.it\/it\/aperte-le-registrazioni-per-print4all-conference\/\" \/>\n<meta property=\"og:locale\" content=\"it_IT\" \/>\n<meta property=\"og:type\" content=\"article\" \/>\n<meta property=\"og:title\" content=\"APERTE LE REGISTRAZIONI PER PRINT4ALL CONFERENCE - Acimga\" \/>\n<meta property=\"og:description\" content=\"Sono aperte le registrazioni per Print4All Conference 2023. Dopo il successo della seconda edizione di Print4All le Associazioni ARGI e ACIMGA, in collaborazione con Fiera Milano, sono al lavoro per organizzare la PRINT4All Conference, che si terr\u00e0 il 6 luglio a Stresa e sar\u00e0 il prossimo appuntamento della piattaforma internazionale che riunisce e sostiene l\u2019intera [&hellip;]\" \/>\n<meta property=\"og:url\" content=\"https:\/\/acimga.it\/it\/aperte-le-registrazioni-per-print4all-conference\/\" \/>\n<meta property=\"og:site_name\" content=\"Acimga\" \/>\n<meta property=\"article:published_time\" content=\"2023-06-05T10:20:46+00:00\" \/>\n<meta property=\"article:modified_time\" content=\"2023-06-05T10:20:53+00:00\" \/>\n<meta property=\"og:image\" content=\"https:\/\/acimga.it\/wp-content\/uploads\/2023\/03\/P4AC-SITO.png\" \/>\n\t<meta property=\"og:image:width\" content=\"1359\" \/>\n\t<meta property=\"og:image:height\" content=\"901\" \/>\n\t<meta property=\"og:image:type\" content=\"image\/png\" \/>\n<meta name=\"author\" content=\"Gwyn Garrett\" \/>\n<meta name=\"twitter:card\" content=\"summary_large_image\" \/>\n<meta name=\"twitter:creator\" content=\"@Acimga1947\" \/>\n<meta name=\"twitter:site\" content=\"@Acimga1947\" \/>\n<meta name=\"twitter:label1\" content=\"Scritto da\" \/>\n\t<meta name=\"twitter:data1\" content=\"Gwyn Garrett\" \/>\n\t<meta name=\"twitter:label2\" content=\"Tempo di lettura stimato\" \/>\n\t<meta name=\"twitter:data2\" content=\"3 minuti\" \/>\n<script type=\"application\/ld+json\" class=\"yoast-schema-graph\">{\"@context\":\"https:\\\/\\\/schema.org\",\"@graph\":[{\"@type\":\"Article\",\"@id\":\"https:\\\/\\\/acimga.it\\\/it\\\/aperte-le-registrazioni-per-print4all-conference\\\/#article\",\"isPartOf\":{\"@id\":\"https:\\\/\\\/acimga.it\\\/it\\\/aperte-le-registrazioni-per-print4all-conference\\\/\"},\"author\":{\"name\":\"Gwyn Garrett\",\"@id\":\"https:\\\/\\\/acimga.it\\\/it\\\/#\\\/schema\\\/person\\\/e7d66db085dfe21491c14f371f7f8a9a\"},\"headline\":\"APERTE LE REGISTRAZIONI PER PRINT4ALL CONFERENCE\",\"datePublished\":\"2023-06-05T10:20:46+00:00\",\"dateModified\":\"2023-06-05T10:20:53+00:00\",\"mainEntityOfPage\":{\"@id\":\"https:\\\/\\\/acimga.it\\\/it\\\/aperte-le-registrazioni-per-print4all-conference\\\/\"},\"wordCount\":609,\"commentCount\":0,\"publisher\":{\"@id\":\"https:\\\/\\\/acimga.it\\\/it\\\/#organization\"},\"image\":{\"@id\":\"https:\\\/\\\/acimga.it\\\/it\\\/aperte-le-registrazioni-per-print4all-conference\\\/#primaryimage\"},\"thumbnailUrl\":\"https:\\\/\\\/acimga.it\\\/wp-content\\\/uploads\\\/2023\\\/03\\\/P4AC-SITO.png\",\"articleSection\":[\"Comunicazione\"],\"inLanguage\":\"it-IT\",\"potentialAction\":[{\"@type\":\"CommentAction\",\"name\":\"Comment\",\"target\":[\"https:\\\/\\\/acimga.it\\\/it\\\/aperte-le-registrazioni-per-print4all-conference\\\/#respond\"]}]},{\"@type\":\"WebPage\",\"@id\":\"https:\\\/\\\/acimga.it\\\/it\\\/aperte-le-registrazioni-per-print4all-conference\\\/\",\"url\":\"https:\\\/\\\/acimga.it\\\/it\\\/aperte-le-registrazioni-per-print4all-conference\\\/\",\"name\":\"APERTE LE REGISTRAZIONI PER PRINT4ALL CONFERENCE - Acimga\",\"isPartOf\":{\"@id\":\"https:\\\/\\\/acimga.it\\\/it\\\/#website\"},\"primaryImageOfPage\":{\"@id\":\"https:\\\/\\\/acimga.it\\\/it\\\/aperte-le-registrazioni-per-print4all-conference\\\/#primaryimage\"},\"image\":{\"@id\":\"https:\\\/\\\/acimga.it\\\/it\\\/aperte-le-registrazioni-per-print4all-conference\\\/#primaryimage\"},\"thumbnailUrl\":\"https:\\\/\\\/acimga.it\\\/wp-content\\\/uploads\\\/2023\\\/03\\\/P4AC-SITO.png\",\"datePublished\":\"2023-06-05T10:20:46+00:00\",\"dateModified\":\"2023-06-05T10:20:53+00:00\",\"breadcrumb\":{\"@id\":\"https:\\\/\\\/acimga.it\\\/it\\\/aperte-le-registrazioni-per-print4all-conference\\\/#breadcrumb\"},\"inLanguage\":\"it-IT\",\"potentialAction\":[{\"@type\":\"ReadAction\",\"target\":[\"https:\\\/\\\/acimga.it\\\/it\\\/aperte-le-registrazioni-per-print4all-conference\\\/\"]}]},{\"@type\":\"ImageObject\",\"inLanguage\":\"it-IT\",\"@id\":\"https:\\\/\\\/acimga.it\\\/it\\\/aperte-le-registrazioni-per-print4all-conference\\\/#primaryimage\",\"url\":\"https:\\\/\\\/acimga.it\\\/wp-content\\\/uploads\\\/2023\\\/03\\\/P4AC-SITO.png\",\"contentUrl\":\"https:\\\/\\\/acimga.it\\\/wp-content\\\/uploads\\\/2023\\\/03\\\/P4AC-SITO.png\",\"width\":1359,\"height\":901},{\"@type\":\"BreadcrumbList\",\"@id\":\"https:\\\/\\\/acimga.it\\\/it\\\/aperte-le-registrazioni-per-print4all-conference\\\/#breadcrumb\",\"itemListElement\":[{\"@type\":\"ListItem\",\"position\":1,\"name\":\"Home\",\"item\":\"https:\\\/\\\/acimga.it\\\/it\\\/\"},{\"@type\":\"ListItem\",\"position\":2,\"name\":\"APERTE LE REGISTRAZIONI PER PRINT4ALL CONFERENCE\"}]},{\"@type\":\"WebSite\",\"@id\":\"https:\\\/\\\/acimga.it\\\/it\\\/#website\",\"url\":\"https:\\\/\\\/acimga.it\\\/it\\\/\",\"name\":\"Acimga\",\"description\":\"Costruttori Italiani di Macchine per l\u2019Industria Grafica, Cartotecnica, Cartaria, di Trasformazione e Affini\",\"publisher\":{\"@id\":\"https:\\\/\\\/acimga.it\\\/it\\\/#organization\"},\"potentialAction\":[{\"@type\":\"SearchAction\",\"target\":{\"@type\":\"EntryPoint\",\"urlTemplate\":\"https:\\\/\\\/acimga.it\\\/it\\\/?s={search_term_string}\"},\"query-input\":{\"@type\":\"PropertyValueSpecification\",\"valueRequired\":true,\"valueName\":\"search_term_string\"}}],\"inLanguage\":\"it-IT\"},{\"@type\":\"Organization\",\"@id\":\"https:\\\/\\\/acimga.it\\\/it\\\/#organization\",\"name\":\"ACIMGA\",\"url\":\"https:\\\/\\\/acimga.it\\\/it\\\/\",\"logo\":{\"@type\":\"ImageObject\",\"inLanguage\":\"it-IT\",\"@id\":\"https:\\\/\\\/acimga.it\\\/it\\\/#\\\/schema\\\/logo\\\/image\\\/\",\"url\":\"https:\\\/\\\/acimga.it\\\/wp-content\\\/uploads\\\/2020\\\/11\\\/logo-payoff.svg\",\"contentUrl\":\"https:\\\/\\\/acimga.it\\\/wp-content\\\/uploads\\\/2020\\\/11\\\/logo-payoff.svg\",\"width\":288,\"height\":80,\"caption\":\"ACIMGA\"},\"image\":{\"@id\":\"https:\\\/\\\/acimga.it\\\/it\\\/#\\\/schema\\\/logo\\\/image\\\/\"},\"sameAs\":[\"https:\\\/\\\/x.com\\\/Acimga1947\",\"https:\\\/\\\/www.linkedin.com\\\/company\\\/acimga?trk=nmp_rec_act_company_photo\",\"https:\\\/\\\/www.youtube.com\\\/channel\\\/UCqzHaOsul8rWTGHSrvq3FUw\\\/videos\"]},{\"@type\":\"Person\",\"@id\":\"https:\\\/\\\/acimga.it\\\/it\\\/#\\\/schema\\\/person\\\/e7d66db085dfe21491c14f371f7f8a9a\",\"name\":\"Gwyn Garrett\",\"image\":{\"@type\":\"ImageObject\",\"inLanguage\":\"it-IT\",\"@id\":\"https:\\\/\\\/secure.gravatar.com\\\/avatar\\\/3aef2eca19bf1643ebeb9a8c157d0f87d1f35cd02b69794dd6130fe56ee6afd0?s=96&d=mm&r=g\",\"url\":\"https:\\\/\\\/secure.gravatar.com\\\/avatar\\\/3aef2eca19bf1643ebeb9a8c157d0f87d1f35cd02b69794dd6130fe56ee6afd0?s=96&d=mm&r=g\",\"contentUrl\":\"https:\\\/\\\/secure.gravatar.com\\\/avatar\\\/3aef2eca19bf1643ebeb9a8c157d0f87d1f35cd02b69794dd6130fe56ee6afd0?s=96&d=mm&r=g\",\"caption\":\"Gwyn Garrett\"},\"url\":\"https:\\\/\\\/acimga.it\\\/it\\\/author\\\/gwynedd\\\/\"}]}<\/script>\n<!-- \/ Yoast SEO plugin. -->","yoast_head_json":{"title":"APERTE LE REGISTRAZIONI PER PRINT4ALL CONFERENCE - Acimga","robots":{"index":"index","follow":"follow","max-snippet":"max-snippet:-1","max-image-preview":"max-image-preview:large","max-video-preview":"max-video-preview:-1"},"canonical":"https:\/\/acimga.it\/it\/aperte-le-registrazioni-per-print4all-conference\/","og_locale":"it_IT","og_type":"article","og_title":"APERTE LE REGISTRAZIONI PER PRINT4ALL CONFERENCE - Acimga","og_description":"Sono aperte le registrazioni per Print4All Conference 2023. Dopo il successo della seconda edizione di Print4All le Associazioni ARGI e ACIMGA, in collaborazione con Fiera Milano, sono al lavoro per organizzare la PRINT4All Conference, che si terr\u00e0 il 6 luglio a Stresa e sar\u00e0 il prossimo appuntamento della piattaforma internazionale che riunisce e sostiene l\u2019intera [&hellip;]","og_url":"https:\/\/acimga.it\/it\/aperte-le-registrazioni-per-print4all-conference\/","og_site_name":"Acimga","article_published_time":"2023-06-05T10:20:46+00:00","article_modified_time":"2023-06-05T10:20:53+00:00","og_image":[{"width":1359,"height":901,"url":"https:\/\/acimga.it\/wp-content\/uploads\/2023\/03\/P4AC-SITO.png","type":"image\/png"}],"author":"Gwyn Garrett","twitter_card":"summary_large_image","twitter_creator":"@Acimga1947","twitter_site":"@Acimga1947","twitter_misc":{"Scritto da":"Gwyn Garrett","Tempo di lettura stimato":"3 minuti"},"schema":{"@context":"https:\/\/schema.org","@graph":[{"@type":"Article","@id":"https:\/\/acimga.it\/it\/aperte-le-registrazioni-per-print4all-conference\/#article","isPartOf":{"@id":"https:\/\/acimga.it\/it\/aperte-le-registrazioni-per-print4all-conference\/"},"author":{"name":"Gwyn Garrett","@id":"https:\/\/acimga.it\/it\/#\/schema\/person\/e7d66db085dfe21491c14f371f7f8a9a"},"headline":"APERTE LE REGISTRAZIONI PER PRINT4ALL CONFERENCE","datePublished":"2023-06-05T10:20:46+00:00","dateModified":"2023-06-05T10:20:53+00:00","mainEntityOfPage":{"@id":"https:\/\/acimga.it\/it\/aperte-le-registrazioni-per-print4all-conference\/"},"wordCount":609,"commentCount":0,"publisher":{"@id":"https:\/\/acimga.it\/it\/#organization"},"image":{"@id":"https:\/\/acimga.it\/it\/aperte-le-registrazioni-per-print4all-conference\/#primaryimage"},"thumbnailUrl":"https:\/\/acimga.it\/wp-content\/uploads\/2023\/03\/P4AC-SITO.png","articleSection":["Comunicazione"],"inLanguage":"it-IT","potentialAction":[{"@type":"CommentAction","name":"Comment","target":["https:\/\/acimga.it\/it\/aperte-le-registrazioni-per-print4all-conference\/#respond"]}]},{"@type":"WebPage","@id":"https:\/\/acimga.it\/it\/aperte-le-registrazioni-per-print4all-conference\/","url":"https:\/\/acimga.it\/it\/aperte-le-registrazioni-per-print4all-conference\/","name":"APERTE LE REGISTRAZIONI PER PRINT4ALL CONFERENCE - Acimga","isPartOf":{"@id":"https:\/\/acimga.it\/it\/#website"},"primaryImageOfPage":{"@id":"https:\/\/acimga.it\/it\/aperte-le-registrazioni-per-print4all-conference\/#primaryimage"},"image":{"@id":"https:\/\/acimga.it\/it\/aperte-le-registrazioni-per-print4all-conference\/#primaryimage"},"thumbnailUrl":"https:\/\/acimga.it\/wp-content\/uploads\/2023\/03\/P4AC-SITO.png","datePublished":"2023-06-05T10:20:46+00:00","dateModified":"2023-06-05T10:20:53+00:00","breadcrumb":{"@id":"https:\/\/acimga.it\/it\/aperte-le-registrazioni-per-print4all-conference\/#breadcrumb"},"inLanguage":"it-IT","potentialAction":[{"@type":"ReadAction","target":["https:\/\/acimga.it\/it\/aperte-le-registrazioni-per-print4all-conference\/"]}]},{"@type":"ImageObject","inLanguage":"it-IT","@id":"https:\/\/acimga.it\/it\/aperte-le-registrazioni-per-print4all-conference\/#primaryimage","url":"https:\/\/acimga.it\/wp-content\/uploads\/2023\/03\/P4AC-SITO.png","contentUrl":"https:\/\/acimga.it\/wp-content\/uploads\/2023\/03\/P4AC-SITO.png","width":1359,"height":901},{"@type":"BreadcrumbList","@id":"https:\/\/acimga.it\/it\/aperte-le-registrazioni-per-print4all-conference\/#breadcrumb","itemListElement":[{"@type":"ListItem","position":1,"name":"Home","item":"https:\/\/acimga.it\/it\/"},{"@type":"ListItem","position":2,"name":"APERTE LE REGISTRAZIONI PER PRINT4ALL CONFERENCE"}]},{"@type":"WebSite","@id":"https:\/\/acimga.it\/it\/#website","url":"https:\/\/acimga.it\/it\/","name":"Acimga","description":"Costruttori Italiani di Macchine per l\u2019Industria Grafica, Cartotecnica, Cartaria, di Trasformazione e Affini","publisher":{"@id":"https:\/\/acimga.it\/it\/#organization"},"potentialAction":[{"@type":"SearchAction","target":{"@type":"EntryPoint","urlTemplate":"https:\/\/acimga.it\/it\/?s={search_term_string}"},"query-input":{"@type":"PropertyValueSpecification","valueRequired":true,"valueName":"search_term_string"}}],"inLanguage":"it-IT"},{"@type":"Organization","@id":"https:\/\/acimga.it\/it\/#organization","name":"ACIMGA","url":"https:\/\/acimga.it\/it\/","logo":{"@type":"ImageObject","inLanguage":"it-IT","@id":"https:\/\/acimga.it\/it\/#\/schema\/logo\/image\/","url":"https:\/\/acimga.it\/wp-content\/uploads\/2020\/11\/logo-payoff.svg","contentUrl":"https:\/\/acimga.it\/wp-content\/uploads\/2020\/11\/logo-payoff.svg","width":288,"height":80,"caption":"ACIMGA"},"image":{"@id":"https:\/\/acimga.it\/it\/#\/schema\/logo\/image\/"},"sameAs":["https:\/\/x.com\/Acimga1947","https:\/\/www.linkedin.com\/company\/acimga?trk=nmp_rec_act_company_photo","https:\/\/www.youtube.com\/channel\/UCqzHaOsul8rWTGHSrvq3FUw\/videos"]},{"@type":"Person","@id":"https:\/\/acimga.it\/it\/#\/schema\/person\/e7d66db085dfe21491c14f371f7f8a9a","name":"Gwyn Garrett","image":{"@type":"ImageObject","inLanguage":"it-IT","@id":"https:\/\/secure.gravatar.com\/avatar\/3aef2eca19bf1643ebeb9a8c157d0f87d1f35cd02b69794dd6130fe56ee6afd0?s=96&d=mm&r=g","url":"https:\/\/secure.gravatar.com\/avatar\/3aef2eca19bf1643ebeb9a8c157d0f87d1f35cd02b69794dd6130fe56ee6afd0?s=96&d=mm&r=g","contentUrl":"https:\/\/secure.gravatar.com\/avatar\/3aef2eca19bf1643ebeb9a8c157d0f87d1f35cd02b69794dd6130fe56ee6afd0?s=96&d=mm&r=g","caption":"Gwyn Garrett"},"url":"https:\/\/acimga.it\/it\/author\/gwynedd\/"}]}},"_links":{"self":[{"href":"https:\/\/acimga.it\/it\/wp-json\/wp\/v2\/posts\/11247","targetHints":{"allow":["GET"]}}],"collection":[{"href":"https:\/\/acimga.it\/it\/wp-json\/wp\/v2\/posts"}],"about":[{"href":"https:\/\/acimga.it\/it\/wp-json\/wp\/v2\/types\/post"}],"author":[{"embeddable":true,"href":"https:\/\/acimga.it\/it\/wp-json\/wp\/v2\/users\/586"}],"replies":[{"embeddable":true,"href":"https:\/\/acimga.it\/it\/wp-json\/wp\/v2\/comments?post=11247"}],"version-history":[{"count":8,"href":"https:\/\/acimga.it\/it\/wp-json\/wp\/v2\/posts\/11247\/revisions"}],"predecessor-version":[{"id":11295,"href":"https:\/\/acimga.it\/it\/wp-json\/wp\/v2\/posts\/11247\/revisions\/11295"}],"wp:featuredmedia":[{"embeddable":true,"href":"https:\/\/acimga.it\/it\/wp-json\/wp\/v2\/media\/11034"}],"wp:attachment":[{"href":"https:\/\/acimga.it\/it\/wp-json\/wp\/v2\/media?parent=11247"}],"wp:term":[{"taxonomy":"category","embeddable":true,"href":"https:\/\/acimga.it\/it\/wp-json\/wp\/v2\/categories?post=11247"},{"taxonomy":"post_tag","embeddable":true,"href":"https:\/\/acimga.it\/it\/wp-json\/wp\/v2\/tags?post=11247"}],"curies":[{"name":"wp","href":"https:\/\/api.w.org\/{rel}","templated":true}]}}