{"id":11109,"date":"2023-05-02T10:12:27","date_gmt":"2023-05-02T10:12:27","guid":{"rendered":"https:\/\/acimga.it\/?p=11109"},"modified":"2023-05-02T10:12:27","modified_gmt":"2023-05-02T10:12:27","slug":"direttiva-imballaggi-federazione-carta-e-grafica-in-audizione-al-senato","status":"publish","type":"post","link":"https:\/\/acimga.it\/it\/direttiva-imballaggi-federazione-carta-e-grafica-in-audizione-al-senato\/","title":{"rendered":"DIRETTIVA IMBALLAGGI &#8211; FEDERAZIONE CARTA E GRAFICA IN AUDIZIONE AL SENATO"},"content":{"rendered":"<p class=\"mcntmcntmcntmcntmcntmsonormal21\" style=\"margin: 1.2pt 0cm 1.2pt 0cm;\"><b><span style=\"font-size: 12.0pt; font-family: 'Arial',sans-serif; color: #222222;\">FEDERAZIONE CARTA GRAFICA IN AUDIZIONE ALLA COMMISSIONE POLITICHE UE DEL SENATO SULLA DIRETTIVA IMBALLAGGI: <\/span><\/b><b><span style=\"font-size: 12.0pt; font-family: 'Arial',sans-serif; color: #222222;\">la proposta di Regolamento sugli imballaggi e i rifiuti di imballaggio rischia di mettere in crisi la nostra economia del riciclo, che genera occupazione e ricchezza.\u00a0<\/span><\/b><\/p>\n<p class=\"mcntmcntmcntmcntmcntmsonormal21\" style=\"box-sizing: content-box; margin: 1.2pt 0cm 1.2pt 0cm;\"><i><span style=\"font-size: 12.0pt; font-family: 'Arial',sans-serif; color: #222222;\">Roma, 18 aprile 2023<\/span><\/i><span style=\"font-size: 12.0pt; font-family: 'Arial',sans-serif; color: #222222;\"> &#8211; Federazione Carta Grafica \u00e8 stata ricevuta oggi, in audizione, presso\u00a0<\/span><span style=\"font-size: 12.0pt; font-family: 'Arial',sans-serif;\">la Commissione Politiche della UE del Senato, in merito alla proposta di regolamento europeo sugli imballaggi e i rifiuti di imballaggio.<\/span><\/p>\n<p class=\"mcntmcntmcntmcntmcntmsonormal21\" style=\"box-sizing: content-box; margin: 1.2pt 0cm 1.2pt 0cm;\"><span style=\"font-size: 12.0pt; font-family: 'Arial',sans-serif; color: #222222;\">&#8220;Lo strumento del Regolamento determiner\u00e0 un forte disallineamento tra le fonti di legislazione europea (direttiva quadro rifiuti) e, di conseguenza, quella nazionale, fonte di pericolosa confusione&#8221; afferma il DG di Federazione Carta Grafica Massimo Medugno. &#8220;La Commissione&#8221; si legge nella posizione &#8220;ha l\u2019obiettivo di ridurre gli imballaggi: spinge quindi sul riuso degli imballaggi e impone restrizioni ai prodotti monouso a prescindere dalla loro funzione d\u2019uso e dalle motivazioni economico e sociali. &#8220;Il riuso, cos\u00ec come le restrizioni sui prodotti monouso&#8221; sottolinea Medugno &#8220;non sono supportati da analisi LCA che dimostrino che tali azioni porterebbero un miglioramento ambientale. Ci\u00f2 si aggiunge alla sottovalutazione della lotta allo spreco alimentare, della tutela della sicurezza e della salute dei consumatori e dell\u2019integrit\u00e0 dei prodotti&#8221;<\/span><\/p>\n<p class=\"mcntmcntmcntmcntmcntmsonormal21\" style=\"box-sizing: content-box; margin: 1.2pt 0cm 1.2pt 0cm;\"><span style=\"font-size: 12.0pt; font-family: 'Arial',sans-serif; color: #222222;\">&#8220;Il riuso&#8221; afferma infine Medugno &#8220;diventa un modo indiretto per \u201cframmentare\u201d il mercato interno sulla base di un sistema logistico da riprogettare, dagli esiti incerti e senza vantaggi per l\u2019ambiente. Questo non \u00e8 il caso del riciclo, che avviene pi\u00f9 vicino al consumatore, non nel luogo originario di produzione. La soluzione migliore non pu\u00f2 pertanto essere assunta da una decisione globale a livello UE, come proposto dalla Commissione europea, ma va data la preferenza a quelle opzioni che forniscono il miglior risultato ambientale complessivo. In quest\u2019ottica, gli imballaggi a base cellulosa (un materiale rinnovabile e biodegradabile) non dovrebbero avere obiettivi di riuso (ma obiettivi di riciclo sempre pi\u00f9 ambiziosi), cos\u00ec come i prodotti monouso in carta (perfettamente riciclabili e riciclati su scala industriale) non dovrebbero essere sottoposti a restrizioni&#8221;.<\/span><\/p>\n<p class=\"mcntmcntmcntmcntmcntmsonormal21\" style=\"box-sizing: content-box; margin: 1.2pt 0cm 1.2pt 0cm;\"><span style=\"font-size: 12.0pt; font-family: 'Arial',sans-serif; color: #222222;\">La proposta di Regolamento sugli imballaggi e i rifiuti di imballaggio sar\u00e0 immediatamente applicabile senza tener conto delle differenze tra i vari Paesi, anche in termini di raggiungimento degli obiettivi di riciclaggio. Rischia di mettere in crisi la nostra economia del riciclo, che genera occupazione e ricchezza. Non si possono porre obiettivi stringenti di riciclabilit\u00e0 su larga scala di tutti gli imballaggi (pena la loro messa al bando), senza imporre a monte agli stati membri vincolanti obiettivi di raccolta. E\u2019 invece importante concentrare ogni sforzo sulla centralit\u00e0 della raccolta differenziata degli imballaggi e dunque sul riciclo degli imballaggi. Rispetto alla raccolta differenziata finalizzata al riciclo andrebbe espressamente inserito un obbligo per i Comuni sulla falsariga di quanto avviene in Italia.<\/span><\/p>\n","protected":false},"excerpt":{"rendered":"<p>FEDERAZIONE CARTA GRAFICA IN AUDIZIONE ALLA COMMISSIONE POLITICHE UE DEL SENATO SULLA DIRETTIVA IMBALLAGGI: la proposta di Regolamento sugli imballaggi e i rifiuti di imballaggio rischia di mettere in crisi la nostra economia del riciclo, che genera occupazione e ricchezza.\u00a0 Roma, 18 aprile 2023 &#8211; Federazione Carta Grafica \u00e8 stata ricevuta oggi, in audizione, presso\u00a0la [&hellip;]<\/p>\n","protected":false},"author":586,"featured_media":11116,"comment_status":"open","ping_status":"open","sticky":false,"template":"","format":"standard","meta":{"_et_pb_use_builder":"off","_et_pb_old_content":"","_et_gb_content_width":"","footnotes":""},"categories":[1],"tags":[],"class_list":["post-11109","post","type-post","status-publish","format-standard","has-post-thumbnail","hentry","category-news"],"acf":[],"yoast_head":"<!-- This site is optimized with the Yoast SEO plugin v27.5 - https:\/\/yoast.com\/product\/yoast-seo-wordpress\/ -->\n<title>DIRETTIVA IMBALLAGGI - FEDERAZIONE CARTA E GRAFICA IN AUDIZIONE AL SENATO - Acimga<\/title>\n<meta name=\"robots\" content=\"index, follow, max-snippet:-1, max-image-preview:large, max-video-preview:-1\" \/>\n<link rel=\"canonical\" href=\"https:\/\/acimga.it\/it\/direttiva-imballaggi-federazione-carta-e-grafica-in-audizione-al-senato\/\" \/>\n<meta property=\"og:locale\" content=\"it_IT\" \/>\n<meta property=\"og:type\" content=\"article\" \/>\n<meta property=\"og:title\" content=\"DIRETTIVA IMBALLAGGI - FEDERAZIONE CARTA E GRAFICA IN AUDIZIONE AL SENATO - Acimga\" \/>\n<meta property=\"og:description\" content=\"FEDERAZIONE CARTA GRAFICA IN AUDIZIONE ALLA COMMISSIONE POLITICHE UE DEL SENATO SULLA DIRETTIVA IMBALLAGGI: la proposta di Regolamento sugli imballaggi e i rifiuti di imballaggio rischia di mettere in crisi la nostra economia del riciclo, che genera occupazione e ricchezza.\u00a0 Roma, 18 aprile 2023 &#8211; Federazione Carta Grafica \u00e8 stata ricevuta oggi, in audizione, presso\u00a0la [&hellip;]\" \/>\n<meta property=\"og:url\" content=\"https:\/\/acimga.it\/it\/direttiva-imballaggi-federazione-carta-e-grafica-in-audizione-al-senato\/\" \/>\n<meta property=\"og:site_name\" content=\"Acimga\" \/>\n<meta property=\"article:published_time\" content=\"2023-05-02T10:12:27+00:00\" \/>\n<meta property=\"og:image\" content=\"https:\/\/acimga.it\/wp-content\/uploads\/2023\/05\/1.png\" \/>\n\t<meta property=\"og:image:width\" content=\"900\" \/>\n\t<meta property=\"og:image:height\" content=\"900\" \/>\n\t<meta property=\"og:image:type\" content=\"image\/png\" \/>\n<meta name=\"author\" content=\"Gwyn Garrett\" \/>\n<meta name=\"twitter:card\" content=\"summary_large_image\" \/>\n<meta name=\"twitter:creator\" content=\"@Acimga1947\" \/>\n<meta name=\"twitter:site\" content=\"@Acimga1947\" \/>\n<meta name=\"twitter:label1\" content=\"Scritto da\" \/>\n\t<meta name=\"twitter:data1\" content=\"Gwyn Garrett\" \/>\n\t<meta name=\"twitter:label2\" content=\"Tempo di lettura stimato\" \/>\n\t<meta name=\"twitter:data2\" content=\"3 minuti\" \/>\n<script type=\"application\/ld+json\" class=\"yoast-schema-graph\">{\"@context\":\"https:\\\/\\\/schema.org\",\"@graph\":[{\"@type\":\"Article\",\"@id\":\"https:\\\/\\\/acimga.it\\\/it\\\/direttiva-imballaggi-federazione-carta-e-grafica-in-audizione-al-senato\\\/#article\",\"isPartOf\":{\"@id\":\"https:\\\/\\\/acimga.it\\\/it\\\/direttiva-imballaggi-federazione-carta-e-grafica-in-audizione-al-senato\\\/\"},\"author\":{\"name\":\"Gwyn Garrett\",\"@id\":\"https:\\\/\\\/acimga.it\\\/it\\\/#\\\/schema\\\/person\\\/e7d66db085dfe21491c14f371f7f8a9a\"},\"headline\":\"DIRETTIVA IMBALLAGGI &#8211; FEDERAZIONE CARTA E GRAFICA IN AUDIZIONE AL SENATO\",\"datePublished\":\"2023-05-02T10:12:27+00:00\",\"mainEntityOfPage\":{\"@id\":\"https:\\\/\\\/acimga.it\\\/it\\\/direttiva-imballaggi-federazione-carta-e-grafica-in-audizione-al-senato\\\/\"},\"wordCount\":457,\"commentCount\":0,\"publisher\":{\"@id\":\"https:\\\/\\\/acimga.it\\\/it\\\/#organization\"},\"image\":{\"@id\":\"https:\\\/\\\/acimga.it\\\/it\\\/direttiva-imballaggi-federazione-carta-e-grafica-in-audizione-al-senato\\\/#primaryimage\"},\"thumbnailUrl\":\"https:\\\/\\\/acimga.it\\\/wp-content\\\/uploads\\\/2023\\\/05\\\/1.png\",\"articleSection\":[\"Comunicazione\"],\"inLanguage\":\"it-IT\",\"potentialAction\":[{\"@type\":\"CommentAction\",\"name\":\"Comment\",\"target\":[\"https:\\\/\\\/acimga.it\\\/it\\\/direttiva-imballaggi-federazione-carta-e-grafica-in-audizione-al-senato\\\/#respond\"]}]},{\"@type\":\"WebPage\",\"@id\":\"https:\\\/\\\/acimga.it\\\/it\\\/direttiva-imballaggi-federazione-carta-e-grafica-in-audizione-al-senato\\\/\",\"url\":\"https:\\\/\\\/acimga.it\\\/it\\\/direttiva-imballaggi-federazione-carta-e-grafica-in-audizione-al-senato\\\/\",\"name\":\"DIRETTIVA IMBALLAGGI - FEDERAZIONE CARTA E GRAFICA IN AUDIZIONE AL SENATO - Acimga\",\"isPartOf\":{\"@id\":\"https:\\\/\\\/acimga.it\\\/it\\\/#website\"},\"primaryImageOfPage\":{\"@id\":\"https:\\\/\\\/acimga.it\\\/it\\\/direttiva-imballaggi-federazione-carta-e-grafica-in-audizione-al-senato\\\/#primaryimage\"},\"image\":{\"@id\":\"https:\\\/\\\/acimga.it\\\/it\\\/direttiva-imballaggi-federazione-carta-e-grafica-in-audizione-al-senato\\\/#primaryimage\"},\"thumbnailUrl\":\"https:\\\/\\\/acimga.it\\\/wp-content\\\/uploads\\\/2023\\\/05\\\/1.png\",\"datePublished\":\"2023-05-02T10:12:27+00:00\",\"breadcrumb\":{\"@id\":\"https:\\\/\\\/acimga.it\\\/it\\\/direttiva-imballaggi-federazione-carta-e-grafica-in-audizione-al-senato\\\/#breadcrumb\"},\"inLanguage\":\"it-IT\",\"potentialAction\":[{\"@type\":\"ReadAction\",\"target\":[\"https:\\\/\\\/acimga.it\\\/it\\\/direttiva-imballaggi-federazione-carta-e-grafica-in-audizione-al-senato\\\/\"]}]},{\"@type\":\"ImageObject\",\"inLanguage\":\"it-IT\",\"@id\":\"https:\\\/\\\/acimga.it\\\/it\\\/direttiva-imballaggi-federazione-carta-e-grafica-in-audizione-al-senato\\\/#primaryimage\",\"url\":\"https:\\\/\\\/acimga.it\\\/wp-content\\\/uploads\\\/2023\\\/05\\\/1.png\",\"contentUrl\":\"https:\\\/\\\/acimga.it\\\/wp-content\\\/uploads\\\/2023\\\/05\\\/1.png\",\"width\":900,\"height\":900},{\"@type\":\"BreadcrumbList\",\"@id\":\"https:\\\/\\\/acimga.it\\\/it\\\/direttiva-imballaggi-federazione-carta-e-grafica-in-audizione-al-senato\\\/#breadcrumb\",\"itemListElement\":[{\"@type\":\"ListItem\",\"position\":1,\"name\":\"Home\",\"item\":\"https:\\\/\\\/acimga.it\\\/it\\\/\"},{\"@type\":\"ListItem\",\"position\":2,\"name\":\"DIRETTIVA IMBALLAGGI &#8211; FEDERAZIONE CARTA E GRAFICA IN AUDIZIONE AL SENATO\"}]},{\"@type\":\"WebSite\",\"@id\":\"https:\\\/\\\/acimga.it\\\/it\\\/#website\",\"url\":\"https:\\\/\\\/acimga.it\\\/it\\\/\",\"name\":\"Acimga\",\"description\":\"Costruttori Italiani di Macchine per l\u2019Industria Grafica, Cartotecnica, Cartaria, di Trasformazione e Affini\",\"publisher\":{\"@id\":\"https:\\\/\\\/acimga.it\\\/it\\\/#organization\"},\"potentialAction\":[{\"@type\":\"SearchAction\",\"target\":{\"@type\":\"EntryPoint\",\"urlTemplate\":\"https:\\\/\\\/acimga.it\\\/it\\\/?s={search_term_string}\"},\"query-input\":{\"@type\":\"PropertyValueSpecification\",\"valueRequired\":true,\"valueName\":\"search_term_string\"}}],\"inLanguage\":\"it-IT\"},{\"@type\":\"Organization\",\"@id\":\"https:\\\/\\\/acimga.it\\\/it\\\/#organization\",\"name\":\"ACIMGA\",\"url\":\"https:\\\/\\\/acimga.it\\\/it\\\/\",\"logo\":{\"@type\":\"ImageObject\",\"inLanguage\":\"it-IT\",\"@id\":\"https:\\\/\\\/acimga.it\\\/it\\\/#\\\/schema\\\/logo\\\/image\\\/\",\"url\":\"https:\\\/\\\/acimga.it\\\/wp-content\\\/uploads\\\/2020\\\/11\\\/logo-payoff.svg\",\"contentUrl\":\"https:\\\/\\\/acimga.it\\\/wp-content\\\/uploads\\\/2020\\\/11\\\/logo-payoff.svg\",\"width\":288,\"height\":80,\"caption\":\"ACIMGA\"},\"image\":{\"@id\":\"https:\\\/\\\/acimga.it\\\/it\\\/#\\\/schema\\\/logo\\\/image\\\/\"},\"sameAs\":[\"https:\\\/\\\/x.com\\\/Acimga1947\",\"https:\\\/\\\/www.linkedin.com\\\/company\\\/acimga?trk=nmp_rec_act_company_photo\",\"https:\\\/\\\/www.youtube.com\\\/channel\\\/UCqzHaOsul8rWTGHSrvq3FUw\\\/videos\"]},{\"@type\":\"Person\",\"@id\":\"https:\\\/\\\/acimga.it\\\/it\\\/#\\\/schema\\\/person\\\/e7d66db085dfe21491c14f371f7f8a9a\",\"name\":\"Gwyn Garrett\",\"image\":{\"@type\":\"ImageObject\",\"inLanguage\":\"it-IT\",\"@id\":\"https:\\\/\\\/secure.gravatar.com\\\/avatar\\\/3aef2eca19bf1643ebeb9a8c157d0f87d1f35cd02b69794dd6130fe56ee6afd0?s=96&d=mm&r=g\",\"url\":\"https:\\\/\\\/secure.gravatar.com\\\/avatar\\\/3aef2eca19bf1643ebeb9a8c157d0f87d1f35cd02b69794dd6130fe56ee6afd0?s=96&d=mm&r=g\",\"contentUrl\":\"https:\\\/\\\/secure.gravatar.com\\\/avatar\\\/3aef2eca19bf1643ebeb9a8c157d0f87d1f35cd02b69794dd6130fe56ee6afd0?s=96&d=mm&r=g\",\"caption\":\"Gwyn Garrett\"},\"url\":\"https:\\\/\\\/acimga.it\\\/it\\\/author\\\/gwynedd\\\/\"}]}<\/script>\n<!-- \/ Yoast SEO plugin. -->","yoast_head_json":{"title":"DIRETTIVA IMBALLAGGI - FEDERAZIONE CARTA E GRAFICA IN AUDIZIONE AL SENATO - Acimga","robots":{"index":"index","follow":"follow","max-snippet":"max-snippet:-1","max-image-preview":"max-image-preview:large","max-video-preview":"max-video-preview:-1"},"canonical":"https:\/\/acimga.it\/it\/direttiva-imballaggi-federazione-carta-e-grafica-in-audizione-al-senato\/","og_locale":"it_IT","og_type":"article","og_title":"DIRETTIVA IMBALLAGGI - FEDERAZIONE CARTA E GRAFICA IN AUDIZIONE AL SENATO - Acimga","og_description":"FEDERAZIONE CARTA GRAFICA IN AUDIZIONE ALLA COMMISSIONE POLITICHE UE DEL SENATO SULLA DIRETTIVA IMBALLAGGI: la proposta di Regolamento sugli imballaggi e i rifiuti di imballaggio rischia di mettere in crisi la nostra economia del riciclo, che genera occupazione e ricchezza.\u00a0 Roma, 18 aprile 2023 &#8211; Federazione Carta Grafica \u00e8 stata ricevuta oggi, in audizione, presso\u00a0la [&hellip;]","og_url":"https:\/\/acimga.it\/it\/direttiva-imballaggi-federazione-carta-e-grafica-in-audizione-al-senato\/","og_site_name":"Acimga","article_published_time":"2023-05-02T10:12:27+00:00","og_image":[{"width":900,"height":900,"url":"https:\/\/acimga.it\/wp-content\/uploads\/2023\/05\/1.png","type":"image\/png"}],"author":"Gwyn Garrett","twitter_card":"summary_large_image","twitter_creator":"@Acimga1947","twitter_site":"@Acimga1947","twitter_misc":{"Scritto da":"Gwyn Garrett","Tempo di lettura stimato":"3 minuti"},"schema":{"@context":"https:\/\/schema.org","@graph":[{"@type":"Article","@id":"https:\/\/acimga.it\/it\/direttiva-imballaggi-federazione-carta-e-grafica-in-audizione-al-senato\/#article","isPartOf":{"@id":"https:\/\/acimga.it\/it\/direttiva-imballaggi-federazione-carta-e-grafica-in-audizione-al-senato\/"},"author":{"name":"Gwyn Garrett","@id":"https:\/\/acimga.it\/it\/#\/schema\/person\/e7d66db085dfe21491c14f371f7f8a9a"},"headline":"DIRETTIVA IMBALLAGGI &#8211; FEDERAZIONE CARTA E GRAFICA IN AUDIZIONE AL SENATO","datePublished":"2023-05-02T10:12:27+00:00","mainEntityOfPage":{"@id":"https:\/\/acimga.it\/it\/direttiva-imballaggi-federazione-carta-e-grafica-in-audizione-al-senato\/"},"wordCount":457,"commentCount":0,"publisher":{"@id":"https:\/\/acimga.it\/it\/#organization"},"image":{"@id":"https:\/\/acimga.it\/it\/direttiva-imballaggi-federazione-carta-e-grafica-in-audizione-al-senato\/#primaryimage"},"thumbnailUrl":"https:\/\/acimga.it\/wp-content\/uploads\/2023\/05\/1.png","articleSection":["Comunicazione"],"inLanguage":"it-IT","potentialAction":[{"@type":"CommentAction","name":"Comment","target":["https:\/\/acimga.it\/it\/direttiva-imballaggi-federazione-carta-e-grafica-in-audizione-al-senato\/#respond"]}]},{"@type":"WebPage","@id":"https:\/\/acimga.it\/it\/direttiva-imballaggi-federazione-carta-e-grafica-in-audizione-al-senato\/","url":"https:\/\/acimga.it\/it\/direttiva-imballaggi-federazione-carta-e-grafica-in-audizione-al-senato\/","name":"DIRETTIVA IMBALLAGGI - FEDERAZIONE CARTA E GRAFICA IN AUDIZIONE AL SENATO - Acimga","isPartOf":{"@id":"https:\/\/acimga.it\/it\/#website"},"primaryImageOfPage":{"@id":"https:\/\/acimga.it\/it\/direttiva-imballaggi-federazione-carta-e-grafica-in-audizione-al-senato\/#primaryimage"},"image":{"@id":"https:\/\/acimga.it\/it\/direttiva-imballaggi-federazione-carta-e-grafica-in-audizione-al-senato\/#primaryimage"},"thumbnailUrl":"https:\/\/acimga.it\/wp-content\/uploads\/2023\/05\/1.png","datePublished":"2023-05-02T10:12:27+00:00","breadcrumb":{"@id":"https:\/\/acimga.it\/it\/direttiva-imballaggi-federazione-carta-e-grafica-in-audizione-al-senato\/#breadcrumb"},"inLanguage":"it-IT","potentialAction":[{"@type":"ReadAction","target":["https:\/\/acimga.it\/it\/direttiva-imballaggi-federazione-carta-e-grafica-in-audizione-al-senato\/"]}]},{"@type":"ImageObject","inLanguage":"it-IT","@id":"https:\/\/acimga.it\/it\/direttiva-imballaggi-federazione-carta-e-grafica-in-audizione-al-senato\/#primaryimage","url":"https:\/\/acimga.it\/wp-content\/uploads\/2023\/05\/1.png","contentUrl":"https:\/\/acimga.it\/wp-content\/uploads\/2023\/05\/1.png","width":900,"height":900},{"@type":"BreadcrumbList","@id":"https:\/\/acimga.it\/it\/direttiva-imballaggi-federazione-carta-e-grafica-in-audizione-al-senato\/#breadcrumb","itemListElement":[{"@type":"ListItem","position":1,"name":"Home","item":"https:\/\/acimga.it\/it\/"},{"@type":"ListItem","position":2,"name":"DIRETTIVA IMBALLAGGI &#8211; FEDERAZIONE CARTA E GRAFICA IN AUDIZIONE AL SENATO"}]},{"@type":"WebSite","@id":"https:\/\/acimga.it\/it\/#website","url":"https:\/\/acimga.it\/it\/","name":"Acimga","description":"Costruttori Italiani di Macchine per l\u2019Industria Grafica, Cartotecnica, Cartaria, di Trasformazione e Affini","publisher":{"@id":"https:\/\/acimga.it\/it\/#organization"},"potentialAction":[{"@type":"SearchAction","target":{"@type":"EntryPoint","urlTemplate":"https:\/\/acimga.it\/it\/?s={search_term_string}"},"query-input":{"@type":"PropertyValueSpecification","valueRequired":true,"valueName":"search_term_string"}}],"inLanguage":"it-IT"},{"@type":"Organization","@id":"https:\/\/acimga.it\/it\/#organization","name":"ACIMGA","url":"https:\/\/acimga.it\/it\/","logo":{"@type":"ImageObject","inLanguage":"it-IT","@id":"https:\/\/acimga.it\/it\/#\/schema\/logo\/image\/","url":"https:\/\/acimga.it\/wp-content\/uploads\/2020\/11\/logo-payoff.svg","contentUrl":"https:\/\/acimga.it\/wp-content\/uploads\/2020\/11\/logo-payoff.svg","width":288,"height":80,"caption":"ACIMGA"},"image":{"@id":"https:\/\/acimga.it\/it\/#\/schema\/logo\/image\/"},"sameAs":["https:\/\/x.com\/Acimga1947","https:\/\/www.linkedin.com\/company\/acimga?trk=nmp_rec_act_company_photo","https:\/\/www.youtube.com\/channel\/UCqzHaOsul8rWTGHSrvq3FUw\/videos"]},{"@type":"Person","@id":"https:\/\/acimga.it\/it\/#\/schema\/person\/e7d66db085dfe21491c14f371f7f8a9a","name":"Gwyn Garrett","image":{"@type":"ImageObject","inLanguage":"it-IT","@id":"https:\/\/secure.gravatar.com\/avatar\/3aef2eca19bf1643ebeb9a8c157d0f87d1f35cd02b69794dd6130fe56ee6afd0?s=96&d=mm&r=g","url":"https:\/\/secure.gravatar.com\/avatar\/3aef2eca19bf1643ebeb9a8c157d0f87d1f35cd02b69794dd6130fe56ee6afd0?s=96&d=mm&r=g","contentUrl":"https:\/\/secure.gravatar.com\/avatar\/3aef2eca19bf1643ebeb9a8c157d0f87d1f35cd02b69794dd6130fe56ee6afd0?s=96&d=mm&r=g","caption":"Gwyn Garrett"},"url":"https:\/\/acimga.it\/it\/author\/gwynedd\/"}]}},"_links":{"self":[{"href":"https:\/\/acimga.it\/it\/wp-json\/wp\/v2\/posts\/11109","targetHints":{"allow":["GET"]}}],"collection":[{"href":"https:\/\/acimga.it\/it\/wp-json\/wp\/v2\/posts"}],"about":[{"href":"https:\/\/acimga.it\/it\/wp-json\/wp\/v2\/types\/post"}],"author":[{"embeddable":true,"href":"https:\/\/acimga.it\/it\/wp-json\/wp\/v2\/users\/586"}],"replies":[{"embeddable":true,"href":"https:\/\/acimga.it\/it\/wp-json\/wp\/v2\/comments?post=11109"}],"version-history":[{"count":3,"href":"https:\/\/acimga.it\/it\/wp-json\/wp\/v2\/posts\/11109\/revisions"}],"predecessor-version":[{"id":11147,"href":"https:\/\/acimga.it\/it\/wp-json\/wp\/v2\/posts\/11109\/revisions\/11147"}],"wp:featuredmedia":[{"embeddable":true,"href":"https:\/\/acimga.it\/it\/wp-json\/wp\/v2\/media\/11116"}],"wp:attachment":[{"href":"https:\/\/acimga.it\/it\/wp-json\/wp\/v2\/media?parent=11109"}],"wp:term":[{"taxonomy":"category","embeddable":true,"href":"https:\/\/acimga.it\/it\/wp-json\/wp\/v2\/categories?post=11109"},{"taxonomy":"post_tag","embeddable":true,"href":"https:\/\/acimga.it\/it\/wp-json\/wp\/v2\/tags?post=11109"}],"curies":[{"name":"wp","href":"https:\/\/api.w.org\/{rel}","templated":true}]}}