{"id":11095,"date":"2023-04-12T09:07:59","date_gmt":"2023-04-12T09:07:59","guid":{"rendered":"https:\/\/acimga.it\/?p=11095"},"modified":"2023-04-12T09:08:06","modified_gmt":"2023-04-12T09:08:06","slug":"print4all-conference-save-your-place","status":"publish","type":"post","link":"https:\/\/acimga.it\/it\/print4all-conference-save-your-place\/","title":{"rendered":"PRINT4ALL CONFERENCE- SAVE YOUR PLACE"},"content":{"rendered":"<p>[et_pb_section fb_built=&#8221;1&#8243; admin_label=&#8221;section&#8221; _builder_version=&#8221;4.16&#8243; global_colors_info=&#8221;{}&#8221;][et_pb_row admin_label=&#8221;row&#8221; _builder_version=&#8221;4.16&#8243; background_size=&#8221;initial&#8221; background_position=&#8221;top_left&#8221; background_repeat=&#8221;repeat&#8221; global_colors_info=&#8221;{}&#8221;][et_pb_column type=&#8221;4_4&#8243; _builder_version=&#8221;4.16&#8243; custom_padding=&#8221;|||&#8221; global_colors_info=&#8221;{}&#8221; custom_padding__hover=&#8221;|||&#8221;][et_pb_text admin_label=&#8221;Text&#8221; _builder_version=&#8221;4.20.4&#8243; background_size=&#8221;initial&#8221; background_position=&#8221;top_left&#8221; background_repeat=&#8221;repeat&#8221; global_colors_info=&#8221;{}&#8221;]<\/p>\n<p>Dopo il successo della seconda edizione di Print4All, ACIMGA e ARGI, in collaborazione con Fiera Milano, danno il via alla nuova edizione di Print4All Conference.<\/p>\n<p><strong>Print4All Conference si terr\u00e0 il 6 luglio a Stresa, come tappa fondamentale della Roadmap to Print4All; <\/strong>un progetto di sistema che, sin dalla sua prima edizione nel 2016, si pone l\u2019obiettivo di essere un \u201ctool\u201d al servizio di tutte le community nell\u2019industria della stampa e del converting, con la precisa volont\u00e0 di implementare la coesione dell\u2019industria per continuare ad assicurarne crescita e longevit\u00e0. Un appuntamento per tutta la filiera, per tutte le tecnologie e per tutte le applicazioni di stampa, dedicato a tutti gli attori coinvolti nella progettazione e nell\u2019utilizzo dell\u2019innovazione nel mondo della stampa.<\/p>\n<p>Un appuntamento dedicato ai temi pi\u00f9 caldi del mercato della stampa, declinati nelle tre verticali <strong>Packaging &amp; Labelling | Commercial printing | Industrial &amp; Wide format, <\/strong>sotto il segno della convergenza di tecnologie, mercati, applicazioni.<\/p>\n<p>A Print4All Conference si parler\u00e0 di dati e trend dei mercati di stampa globali, si confronteranno i protagonisti della filiera del package printing, si guarder\u00e0 alle richieste dei demand generator nazionali ed internazionali, si affronteranno le opportunit\u00e0 della printing convergence, si approfondir\u00e0 il tema della circular economy declinandolo sui materiali ma anche sulle direttive nazionali ed europee e si rifletter\u00e0 sul ruolo della stampa in relazione al mondo della comunicazione.<\/p>\n<p><strong>L\u2019evento \u00e8 pensato per offrire agli stampatori clienti e prospect un aggiornamento di scenario sulle sfide da affrontare nel 2023 e dare la possibilit\u00e0 alle aziende di raccontare la propria tecnologia e innovazione.<\/strong><\/p>\n<p><em>Per saperne di pi\u00f9 contatta la Segreteria ACIMGA scrivendo a gmerli@acimga.it.<\/em><\/p>\n<p><span style=\"color: #008000;\"><a style=\"color: #008000;\" href=\"https:\/\/conference.print4all.it\/\"><em><strong>Rimani aggiornato con tutte le ultime info sul sito dell&#8217;evento, disponibile qui.<\/strong><\/em><\/a><\/span><\/p>\n<p>[\/et_pb_text][\/et_pb_column][\/et_pb_row][\/et_pb_section]<\/p>\n","protected":false},"excerpt":{"rendered":"<p>Dopo il successo della seconda edizione di Print4All, ACIMGA e ARGI, in collaborazione con Fiera Milano, danno il via alla nuova edizione di Print4All Conference. Print4All Conference si terr\u00e0 il 6 luglio a Stresa, come tappa fondamentale della Roadmap to Print4All; un progetto di sistema che, sin dalla sua prima edizione nel 2016, si pone [&hellip;]<\/p>\n","protected":false},"author":586,"featured_media":11034,"comment_status":"open","ping_status":"open","sticky":false,"template":"","format":"standard","meta":{"_et_pb_use_builder":"on","_et_pb_old_content":"Dopo il successo della seconda edizione di <strong>Print4All<\/strong>, il percorso verso la prossima manifestazione fieristica, che si terr\u00e0 a Fiera Milano <strong>dal 27 al 30 maggio 2025<\/strong>, riparte con la <strong>Print4All Conference 2023,<\/strong> fondamentale appuntamento di confronto e informazione, organizzato da Acimga e Argi, in collaborazione con Fiera Milano.\r\n\r\nPrint4All Conference 2023 si terr\u00e0 il <strong>6 luglio a Stresa<\/strong>, nello splendido contesto del Lago Maggiore. Tappa fondamentale della Roadmap to Print4All, \u00e8 un progetto di sistema che, sin dalla sua prima edizione nel 2016, si pone l\u2019obiettivo di essere <strong>un \u201ctool\u201d al servizio di tutte le community nell\u2019industria della stampa e del converting<\/strong>, con la precisa volont\u00e0 di implementare la coesione dell\u2019industria per continuare ad assicurarne crescita e longevit\u00e0. Un appuntamento <strong>per tutta la filiera<\/strong>, <strong>per tutte le tecnologie<\/strong> e <strong>per tutte le applicazioni di stampa<\/strong>, dedicato a tutti gli attori coinvolti nella progettazione e nell\u2019utilizzo dell\u2019innovazione nel mondo della stampa.\r\n\r\n<em>\u201cPrint4All Conference \u00e8 l\u2019appuntamento internazionale che crea valore per la nostra fiera, Print4All, ed \u00e8 un riferimento per tutta la community globale del converting, del package printing, del labelling, e della stampa commerciale e industriale.\u201d <\/em>- spiega <strong>Daniele Barbui<\/strong>, Presidente di <strong>Acimga<\/strong> -\u00a0 \u201c<em>\u00c8 un\u2019occasione di networking, ma anche di consolidamento del mercato, per un settore che <\/em><em>nonostante le difficolt\u00e0 di approvvigionamento causate del conflitto ucraino e dagli andamenti inflativi, rimane in tenuta rispetto alla crisi congiunturale politico-economica ed energetica e con prospettive ottimistiche anche per il 2023\u201d.<\/em>\r\n\r\n<em>\u201c<\/em><em>Print4All Conference 2023 \u00e8 pi\u00f9 di una semplice conferenza. \u00c8 un momento preciso e strategico di un progetto di sistema che da 7 anni \u00e8 al servizio di tutte le aziende nell\u2019industria della stampa e del converting\u201d - aggiunge <strong>Antonio Maiorano<\/strong>, Presidente <strong>ARGI<\/strong> - \u201cPer questo motivo abbiamo coniato il claim \u2018Driving the printing community to the future\u2019, perch\u00e9 con costanza e cadenza ravvicinata vogliamo dare strumenti concreti a tutti gli operatori dell\u2019industria per navigare questo mercato e fare scelte di business consapevoli e di successo\u201d.<\/em>\r\n\r\nParola chiave dell\u2019edizione 2023 sar\u00e0 <strong>CONVERGENZA<\/strong>: la convergenza di tecnologie, di applicazioni e di mercati, nel futuro di una stampa sostenibile ed efficace, che si declina in tutti i segmenti dell\u2019industria, dalla grafica al commerciale, dal packaging, all\u2019industriale. Il mondo del printing \u00e8 un settore tecnologico dall\u2019alto valore innovativo e virtuoso in ottica di circolarit\u00e0 ed efficienza produttiva; nel contesto corrente di costante mutamento diventa perci\u00f2 fondamentale <strong>sostenere l\u2019intera filiera della stampa e della comunicazione<\/strong> fornendo una piattaforma internazionale e nazionale aggregante ed inclusiva, dedicata ai temi pi\u00f9 caldi del mercato<strong>, <\/strong>sotto il segno della trasversalit\u00e0 e della convergenza tecnologica e applicativa.\r\n\r\nLa Conference rappresenta un aggiornamento di scenario annuale, che guider\u00e0 la filiera verso l\u2019appuntamento fieristico del 2025 e che si focalizzer\u00e0 sui <strong>trend di mercato e le sfide da affrontare nel prossimo biennio<\/strong>, declinati nelle tre verticali che costituiscono i pilastri di Print4All: packaging & labelling, commercial printing & graphic arts e industrial & wide format.\r\n\r\nA conferma della sua vocazione aggregante ed inclusiva, i lavori di Print4All Conference hanno preso ufficialmente il via con il primo incontro di uno <strong>Steering Committee<\/strong> dedicato all\u2019evento, tenutosi il 9 di febbraio e composto da rappresentanti di alcune aziende di Acimga e Argi. Presenti all\u2019incontro Andrea Pasquinelli, Product Marketing Manager - BOBST, Marco Dusi, Professional Print & Services Marketing Manager - Canon, Mario Gazzani, Packaging Service Manager - Fujifilm, Manuela Pedrani, Ufficio Commerciale e Marketing - Koenig&Bauer, Federico Raviele, Product Manager Production Printing -Konica Minolta, Massimo Bellingardi Responsabile Comunicazione e Marketing -Omet, Stefano Mercante Company Brand Image Coordinator - Re, Maria Cannadoro Channel Marketing Manager - Ricoh, Gianluca Lodigiani Sales Account - Rossini, e Mattia Carpinetti Marketing Manager - Uteco. Obiettivo dello Steering Committee \u00e8 raccogliere input e suggerimenti utili a costruire un evento rappresentativo per tutto il mondo del printing, in cui le aziende possano rispecchiarsi e allo stesso tempo trovare contenuti dall\u2019alto valore aggiunto.\r\n\r\nPrint4All Conference \u00e8 organizzato da <strong>Acimga<\/strong> (Associazione Costruttori Italiani Macchine per l\u2019Industria Grafica, Cartotecnica, Cartaria, di Trasformazione e Affini) e <strong>ARGI<\/strong> (Associazione Fornitori Industria Grafica) in collaborazione con <strong>Fiera Milano<\/strong> e con il supporto di <strong>ITA<\/strong> (Italian Trade Agency, l'agenzia governativa che supporta lo sviluppo delle imprese italiane all'estero). Print4All Conference \u00e8 l\u2019appuntamento principale di una roadmap di eventi verso Print4All 2025 (27-30 maggio - Fiera Milano, Rho).","_et_gb_content_width":"","footnotes":""},"categories":[1],"tags":[],"class_list":["post-11095","post","type-post","status-publish","format-standard","has-post-thumbnail","hentry","category-news"],"acf":[],"yoast_head":"<!-- This site is optimized with the Yoast SEO plugin v27.5 - https:\/\/yoast.com\/product\/yoast-seo-wordpress\/ -->\n<title>PRINT4ALL CONFERENCE- SAVE YOUR PLACE - Acimga<\/title>\n<meta name=\"robots\" content=\"index, follow, max-snippet:-1, max-image-preview:large, max-video-preview:-1\" \/>\n<link rel=\"canonical\" href=\"https:\/\/acimga.it\/it\/print4all-conference-save-your-place\/\" \/>\n<meta property=\"og:locale\" content=\"it_IT\" \/>\n<meta property=\"og:type\" content=\"article\" \/>\n<meta property=\"og:title\" content=\"PRINT4ALL CONFERENCE- SAVE YOUR PLACE - Acimga\" \/>\n<meta property=\"og:description\" content=\"Dopo il successo della seconda edizione di Print4All, ACIMGA e ARGI, in collaborazione con Fiera Milano, danno il via alla nuova edizione di Print4All Conference. Print4All Conference si terr\u00e0 il 6 luglio a Stresa, come tappa fondamentale della Roadmap to Print4All; un progetto di sistema che, sin dalla sua prima edizione nel 2016, si pone [&hellip;]\" \/>\n<meta property=\"og:url\" content=\"https:\/\/acimga.it\/it\/print4all-conference-save-your-place\/\" \/>\n<meta property=\"og:site_name\" content=\"Acimga\" \/>\n<meta property=\"article:published_time\" content=\"2023-04-12T09:07:59+00:00\" \/>\n<meta property=\"article:modified_time\" content=\"2023-04-12T09:08:06+00:00\" \/>\n<meta property=\"og:image\" content=\"https:\/\/acimga.it\/wp-content\/uploads\/2023\/03\/P4AC-SITO.png\" \/>\n\t<meta property=\"og:image:width\" content=\"1359\" \/>\n\t<meta property=\"og:image:height\" content=\"901\" \/>\n\t<meta property=\"og:image:type\" content=\"image\/png\" \/>\n<meta name=\"author\" content=\"Gwyn Garrett\" \/>\n<meta name=\"twitter:card\" content=\"summary_large_image\" \/>\n<meta name=\"twitter:creator\" content=\"@Acimga1947\" \/>\n<meta name=\"twitter:site\" content=\"@Acimga1947\" \/>\n<meta name=\"twitter:label1\" content=\"Scritto da\" \/>\n\t<meta name=\"twitter:data1\" content=\"Gwyn Garrett\" \/>\n\t<meta name=\"twitter:label2\" content=\"Tempo di lettura stimato\" \/>\n\t<meta name=\"twitter:data2\" content=\"2 minuti\" \/>\n<script type=\"application\/ld+json\" class=\"yoast-schema-graph\">{\"@context\":\"https:\\\/\\\/schema.org\",\"@graph\":[{\"@type\":\"Article\",\"@id\":\"https:\\\/\\\/acimga.it\\\/it\\\/print4all-conference-save-your-place\\\/#article\",\"isPartOf\":{\"@id\":\"https:\\\/\\\/acimga.it\\\/it\\\/print4all-conference-save-your-place\\\/\"},\"author\":{\"name\":\"Gwyn Garrett\",\"@id\":\"https:\\\/\\\/acimga.it\\\/it\\\/#\\\/schema\\\/person\\\/e7d66db085dfe21491c14f371f7f8a9a\"},\"headline\":\"PRINT4ALL CONFERENCE- SAVE YOUR PLACE\",\"datePublished\":\"2023-04-12T09:07:59+00:00\",\"dateModified\":\"2023-04-12T09:08:06+00:00\",\"mainEntityOfPage\":{\"@id\":\"https:\\\/\\\/acimga.it\\\/it\\\/print4all-conference-save-your-place\\\/\"},\"wordCount\":376,\"commentCount\":0,\"publisher\":{\"@id\":\"https:\\\/\\\/acimga.it\\\/it\\\/#organization\"},\"image\":{\"@id\":\"https:\\\/\\\/acimga.it\\\/it\\\/print4all-conference-save-your-place\\\/#primaryimage\"},\"thumbnailUrl\":\"https:\\\/\\\/acimga.it\\\/wp-content\\\/uploads\\\/2023\\\/03\\\/P4AC-SITO.png\",\"articleSection\":[\"Comunicazione\"],\"inLanguage\":\"it-IT\",\"potentialAction\":[{\"@type\":\"CommentAction\",\"name\":\"Comment\",\"target\":[\"https:\\\/\\\/acimga.it\\\/it\\\/print4all-conference-save-your-place\\\/#respond\"]}]},{\"@type\":\"WebPage\",\"@id\":\"https:\\\/\\\/acimga.it\\\/it\\\/print4all-conference-save-your-place\\\/\",\"url\":\"https:\\\/\\\/acimga.it\\\/it\\\/print4all-conference-save-your-place\\\/\",\"name\":\"PRINT4ALL CONFERENCE- SAVE YOUR PLACE - Acimga\",\"isPartOf\":{\"@id\":\"https:\\\/\\\/acimga.it\\\/it\\\/#website\"},\"primaryImageOfPage\":{\"@id\":\"https:\\\/\\\/acimga.it\\\/it\\\/print4all-conference-save-your-place\\\/#primaryimage\"},\"image\":{\"@id\":\"https:\\\/\\\/acimga.it\\\/it\\\/print4all-conference-save-your-place\\\/#primaryimage\"},\"thumbnailUrl\":\"https:\\\/\\\/acimga.it\\\/wp-content\\\/uploads\\\/2023\\\/03\\\/P4AC-SITO.png\",\"datePublished\":\"2023-04-12T09:07:59+00:00\",\"dateModified\":\"2023-04-12T09:08:06+00:00\",\"breadcrumb\":{\"@id\":\"https:\\\/\\\/acimga.it\\\/it\\\/print4all-conference-save-your-place\\\/#breadcrumb\"},\"inLanguage\":\"it-IT\",\"potentialAction\":[{\"@type\":\"ReadAction\",\"target\":[\"https:\\\/\\\/acimga.it\\\/it\\\/print4all-conference-save-your-place\\\/\"]}]},{\"@type\":\"ImageObject\",\"inLanguage\":\"it-IT\",\"@id\":\"https:\\\/\\\/acimga.it\\\/it\\\/print4all-conference-save-your-place\\\/#primaryimage\",\"url\":\"https:\\\/\\\/acimga.it\\\/wp-content\\\/uploads\\\/2023\\\/03\\\/P4AC-SITO.png\",\"contentUrl\":\"https:\\\/\\\/acimga.it\\\/wp-content\\\/uploads\\\/2023\\\/03\\\/P4AC-SITO.png\",\"width\":1359,\"height\":901},{\"@type\":\"BreadcrumbList\",\"@id\":\"https:\\\/\\\/acimga.it\\\/it\\\/print4all-conference-save-your-place\\\/#breadcrumb\",\"itemListElement\":[{\"@type\":\"ListItem\",\"position\":1,\"name\":\"Home\",\"item\":\"https:\\\/\\\/acimga.it\\\/it\\\/\"},{\"@type\":\"ListItem\",\"position\":2,\"name\":\"PRINT4ALL CONFERENCE- SAVE YOUR PLACE\"}]},{\"@type\":\"WebSite\",\"@id\":\"https:\\\/\\\/acimga.it\\\/it\\\/#website\",\"url\":\"https:\\\/\\\/acimga.it\\\/it\\\/\",\"name\":\"Acimga\",\"description\":\"Costruttori Italiani di Macchine per l\u2019Industria Grafica, Cartotecnica, Cartaria, di Trasformazione e Affini\",\"publisher\":{\"@id\":\"https:\\\/\\\/acimga.it\\\/it\\\/#organization\"},\"potentialAction\":[{\"@type\":\"SearchAction\",\"target\":{\"@type\":\"EntryPoint\",\"urlTemplate\":\"https:\\\/\\\/acimga.it\\\/it\\\/?s={search_term_string}\"},\"query-input\":{\"@type\":\"PropertyValueSpecification\",\"valueRequired\":true,\"valueName\":\"search_term_string\"}}],\"inLanguage\":\"it-IT\"},{\"@type\":\"Organization\",\"@id\":\"https:\\\/\\\/acimga.it\\\/it\\\/#organization\",\"name\":\"ACIMGA\",\"url\":\"https:\\\/\\\/acimga.it\\\/it\\\/\",\"logo\":{\"@type\":\"ImageObject\",\"inLanguage\":\"it-IT\",\"@id\":\"https:\\\/\\\/acimga.it\\\/it\\\/#\\\/schema\\\/logo\\\/image\\\/\",\"url\":\"https:\\\/\\\/acimga.it\\\/wp-content\\\/uploads\\\/2020\\\/11\\\/logo-payoff.svg\",\"contentUrl\":\"https:\\\/\\\/acimga.it\\\/wp-content\\\/uploads\\\/2020\\\/11\\\/logo-payoff.svg\",\"width\":288,\"height\":80,\"caption\":\"ACIMGA\"},\"image\":{\"@id\":\"https:\\\/\\\/acimga.it\\\/it\\\/#\\\/schema\\\/logo\\\/image\\\/\"},\"sameAs\":[\"https:\\\/\\\/x.com\\\/Acimga1947\",\"https:\\\/\\\/www.linkedin.com\\\/company\\\/acimga?trk=nmp_rec_act_company_photo\",\"https:\\\/\\\/www.youtube.com\\\/channel\\\/UCqzHaOsul8rWTGHSrvq3FUw\\\/videos\"]},{\"@type\":\"Person\",\"@id\":\"https:\\\/\\\/acimga.it\\\/it\\\/#\\\/schema\\\/person\\\/e7d66db085dfe21491c14f371f7f8a9a\",\"name\":\"Gwyn Garrett\",\"image\":{\"@type\":\"ImageObject\",\"inLanguage\":\"it-IT\",\"@id\":\"https:\\\/\\\/secure.gravatar.com\\\/avatar\\\/3aef2eca19bf1643ebeb9a8c157d0f87d1f35cd02b69794dd6130fe56ee6afd0?s=96&d=mm&r=g\",\"url\":\"https:\\\/\\\/secure.gravatar.com\\\/avatar\\\/3aef2eca19bf1643ebeb9a8c157d0f87d1f35cd02b69794dd6130fe56ee6afd0?s=96&d=mm&r=g\",\"contentUrl\":\"https:\\\/\\\/secure.gravatar.com\\\/avatar\\\/3aef2eca19bf1643ebeb9a8c157d0f87d1f35cd02b69794dd6130fe56ee6afd0?s=96&d=mm&r=g\",\"caption\":\"Gwyn Garrett\"},\"url\":\"https:\\\/\\\/acimga.it\\\/it\\\/author\\\/gwynedd\\\/\"}]}<\/script>\n<!-- \/ Yoast SEO plugin. -->","yoast_head_json":{"title":"PRINT4ALL CONFERENCE- SAVE YOUR PLACE - Acimga","robots":{"index":"index","follow":"follow","max-snippet":"max-snippet:-1","max-image-preview":"max-image-preview:large","max-video-preview":"max-video-preview:-1"},"canonical":"https:\/\/acimga.it\/it\/print4all-conference-save-your-place\/","og_locale":"it_IT","og_type":"article","og_title":"PRINT4ALL CONFERENCE- SAVE YOUR PLACE - Acimga","og_description":"Dopo il successo della seconda edizione di Print4All, ACIMGA e ARGI, in collaborazione con Fiera Milano, danno il via alla nuova edizione di Print4All Conference. Print4All Conference si terr\u00e0 il 6 luglio a Stresa, come tappa fondamentale della Roadmap to Print4All; un progetto di sistema che, sin dalla sua prima edizione nel 2016, si pone [&hellip;]","og_url":"https:\/\/acimga.it\/it\/print4all-conference-save-your-place\/","og_site_name":"Acimga","article_published_time":"2023-04-12T09:07:59+00:00","article_modified_time":"2023-04-12T09:08:06+00:00","og_image":[{"width":1359,"height":901,"url":"https:\/\/acimga.it\/wp-content\/uploads\/2023\/03\/P4AC-SITO.png","type":"image\/png"}],"author":"Gwyn Garrett","twitter_card":"summary_large_image","twitter_creator":"@Acimga1947","twitter_site":"@Acimga1947","twitter_misc":{"Scritto da":"Gwyn Garrett","Tempo di lettura stimato":"2 minuti"},"schema":{"@context":"https:\/\/schema.org","@graph":[{"@type":"Article","@id":"https:\/\/acimga.it\/it\/print4all-conference-save-your-place\/#article","isPartOf":{"@id":"https:\/\/acimga.it\/it\/print4all-conference-save-your-place\/"},"author":{"name":"Gwyn Garrett","@id":"https:\/\/acimga.it\/it\/#\/schema\/person\/e7d66db085dfe21491c14f371f7f8a9a"},"headline":"PRINT4ALL CONFERENCE- SAVE YOUR PLACE","datePublished":"2023-04-12T09:07:59+00:00","dateModified":"2023-04-12T09:08:06+00:00","mainEntityOfPage":{"@id":"https:\/\/acimga.it\/it\/print4all-conference-save-your-place\/"},"wordCount":376,"commentCount":0,"publisher":{"@id":"https:\/\/acimga.it\/it\/#organization"},"image":{"@id":"https:\/\/acimga.it\/it\/print4all-conference-save-your-place\/#primaryimage"},"thumbnailUrl":"https:\/\/acimga.it\/wp-content\/uploads\/2023\/03\/P4AC-SITO.png","articleSection":["Comunicazione"],"inLanguage":"it-IT","potentialAction":[{"@type":"CommentAction","name":"Comment","target":["https:\/\/acimga.it\/it\/print4all-conference-save-your-place\/#respond"]}]},{"@type":"WebPage","@id":"https:\/\/acimga.it\/it\/print4all-conference-save-your-place\/","url":"https:\/\/acimga.it\/it\/print4all-conference-save-your-place\/","name":"PRINT4ALL CONFERENCE- SAVE YOUR PLACE - Acimga","isPartOf":{"@id":"https:\/\/acimga.it\/it\/#website"},"primaryImageOfPage":{"@id":"https:\/\/acimga.it\/it\/print4all-conference-save-your-place\/#primaryimage"},"image":{"@id":"https:\/\/acimga.it\/it\/print4all-conference-save-your-place\/#primaryimage"},"thumbnailUrl":"https:\/\/acimga.it\/wp-content\/uploads\/2023\/03\/P4AC-SITO.png","datePublished":"2023-04-12T09:07:59+00:00","dateModified":"2023-04-12T09:08:06+00:00","breadcrumb":{"@id":"https:\/\/acimga.it\/it\/print4all-conference-save-your-place\/#breadcrumb"},"inLanguage":"it-IT","potentialAction":[{"@type":"ReadAction","target":["https:\/\/acimga.it\/it\/print4all-conference-save-your-place\/"]}]},{"@type":"ImageObject","inLanguage":"it-IT","@id":"https:\/\/acimga.it\/it\/print4all-conference-save-your-place\/#primaryimage","url":"https:\/\/acimga.it\/wp-content\/uploads\/2023\/03\/P4AC-SITO.png","contentUrl":"https:\/\/acimga.it\/wp-content\/uploads\/2023\/03\/P4AC-SITO.png","width":1359,"height":901},{"@type":"BreadcrumbList","@id":"https:\/\/acimga.it\/it\/print4all-conference-save-your-place\/#breadcrumb","itemListElement":[{"@type":"ListItem","position":1,"name":"Home","item":"https:\/\/acimga.it\/it\/"},{"@type":"ListItem","position":2,"name":"PRINT4ALL CONFERENCE- SAVE YOUR PLACE"}]},{"@type":"WebSite","@id":"https:\/\/acimga.it\/it\/#website","url":"https:\/\/acimga.it\/it\/","name":"Acimga","description":"Costruttori Italiani di Macchine per l\u2019Industria Grafica, Cartotecnica, Cartaria, di Trasformazione e Affini","publisher":{"@id":"https:\/\/acimga.it\/it\/#organization"},"potentialAction":[{"@type":"SearchAction","target":{"@type":"EntryPoint","urlTemplate":"https:\/\/acimga.it\/it\/?s={search_term_string}"},"query-input":{"@type":"PropertyValueSpecification","valueRequired":true,"valueName":"search_term_string"}}],"inLanguage":"it-IT"},{"@type":"Organization","@id":"https:\/\/acimga.it\/it\/#organization","name":"ACIMGA","url":"https:\/\/acimga.it\/it\/","logo":{"@type":"ImageObject","inLanguage":"it-IT","@id":"https:\/\/acimga.it\/it\/#\/schema\/logo\/image\/","url":"https:\/\/acimga.it\/wp-content\/uploads\/2020\/11\/logo-payoff.svg","contentUrl":"https:\/\/acimga.it\/wp-content\/uploads\/2020\/11\/logo-payoff.svg","width":288,"height":80,"caption":"ACIMGA"},"image":{"@id":"https:\/\/acimga.it\/it\/#\/schema\/logo\/image\/"},"sameAs":["https:\/\/x.com\/Acimga1947","https:\/\/www.linkedin.com\/company\/acimga?trk=nmp_rec_act_company_photo","https:\/\/www.youtube.com\/channel\/UCqzHaOsul8rWTGHSrvq3FUw\/videos"]},{"@type":"Person","@id":"https:\/\/acimga.it\/it\/#\/schema\/person\/e7d66db085dfe21491c14f371f7f8a9a","name":"Gwyn Garrett","image":{"@type":"ImageObject","inLanguage":"it-IT","@id":"https:\/\/secure.gravatar.com\/avatar\/3aef2eca19bf1643ebeb9a8c157d0f87d1f35cd02b69794dd6130fe56ee6afd0?s=96&d=mm&r=g","url":"https:\/\/secure.gravatar.com\/avatar\/3aef2eca19bf1643ebeb9a8c157d0f87d1f35cd02b69794dd6130fe56ee6afd0?s=96&d=mm&r=g","contentUrl":"https:\/\/secure.gravatar.com\/avatar\/3aef2eca19bf1643ebeb9a8c157d0f87d1f35cd02b69794dd6130fe56ee6afd0?s=96&d=mm&r=g","caption":"Gwyn Garrett"},"url":"https:\/\/acimga.it\/it\/author\/gwynedd\/"}]}},"_links":{"self":[{"href":"https:\/\/acimga.it\/it\/wp-json\/wp\/v2\/posts\/11095","targetHints":{"allow":["GET"]}}],"collection":[{"href":"https:\/\/acimga.it\/it\/wp-json\/wp\/v2\/posts"}],"about":[{"href":"https:\/\/acimga.it\/it\/wp-json\/wp\/v2\/types\/post"}],"author":[{"embeddable":true,"href":"https:\/\/acimga.it\/it\/wp-json\/wp\/v2\/users\/586"}],"replies":[{"embeddable":true,"href":"https:\/\/acimga.it\/it\/wp-json\/wp\/v2\/comments?post=11095"}],"version-history":[{"count":5,"href":"https:\/\/acimga.it\/it\/wp-json\/wp\/v2\/posts\/11095\/revisions"}],"predecessor-version":[{"id":11102,"href":"https:\/\/acimga.it\/it\/wp-json\/wp\/v2\/posts\/11095\/revisions\/11102"}],"wp:featuredmedia":[{"embeddable":true,"href":"https:\/\/acimga.it\/it\/wp-json\/wp\/v2\/media\/11034"}],"wp:attachment":[{"href":"https:\/\/acimga.it\/it\/wp-json\/wp\/v2\/media?parent=11095"}],"wp:term":[{"taxonomy":"category","embeddable":true,"href":"https:\/\/acimga.it\/it\/wp-json\/wp\/v2\/categories?post=11095"},{"taxonomy":"post_tag","embeddable":true,"href":"https:\/\/acimga.it\/it\/wp-json\/wp\/v2\/tags?post=11095"}],"curies":[{"name":"wp","href":"https:\/\/api.w.org\/{rel}","templated":true}]}}