{"id":11031,"date":"2023-03-27T09:14:11","date_gmt":"2023-03-27T09:14:11","guid":{"rendered":"https:\/\/acimga.it\/?p=11031"},"modified":"2023-03-27T09:14:11","modified_gmt":"2023-03-27T09:14:11","slug":"roto4all-2023-rivivi-levento-del-9-marzo","status":"publish","type":"post","link":"https:\/\/acimga.it\/it\/roto4all-2023-rivivi-levento-del-9-marzo\/","title":{"rendered":"ROTO4ALL 2023 &#8211; RIVIVI L&#8217;EVENTO DEL 9 MARZO"},"content":{"rendered":"<p><strong>Roto4All 2023 \u00e8 andata in scena gioved\u00ec 9 marzo allo Sheraton Milano San Siro, riunendo per la sua terza edizione oltre 250 persone<\/strong>.<\/p>\n<p>Dopo la prima edizione streaming del 2020 e la seconda edizione fiorentina del 2021 ancora in una versione pi\u00f9 circoscritta, Roto4All 2023 ha finalmente riunito tutta la community della rotocalco in un momento di estremo interesse che ha saputo comunicare alla vasta platea presente il valore di questa tecnologia. Lungo il corso della giornata si sono alternati numerosi interventi dal diverso respiro, che hanno restituito alla platea presente un vivace scambio costruttivo intorno ad una tecnologia di stampa che continua a dimostrarsi estremamente vivace e dalla forte spinta innovativa.<\/p>\n<p><strong>Carlo Carnelli, Titolare ColorConsulting<\/strong> e Coordinatore Gruppo Tecnico ACIMGA, insieme a <strong>Ivano Andrighetto, Sales Manager Brofind<\/strong> e <strong>Giacomo Truffi, Product Sales Manager BOBST<\/strong> hanno guardato ai falsi miti rotocalco, avvalendosi del prezioso supporto di due classi di <strong>studenti provenienti dall\u2019Istituto Tecnico Superiore Rizzoli di Milano<\/strong>, appartenenti ai corsi \u201cPackaging Specialist\u201d e \u201cOmnichannel Marketing\u201d. Il Professor <strong>Lutz Engisch<\/strong> <strong>dell\u2019Universit\u00e0 di Scienze Applicate di Lipsia<\/strong> ha presentato uno studio su \u201cSustainability and Rotogravure\u201d, il quale, partendo da un\u2019analisi approfondita del processo di stampa, ha mostrato i vantaggi ecologici della rotocalco orientati all\u2019economia circolare.<\/p>\n<p>Le voci dalle filiere sono state portate sul palco attraverso una tavola rotonda, moderata da Enrico Barboglio, che ha visto la partecipazione di <strong>Riccardo Gamba, Responsabile Controllo e Gestione Decor In Printing, Angelo Gerosa, CEO Cellografica Gerosa SpA, Anna Paola Cavanna, Presidente Laminati Cavanna, Niso Bartolucci, Sustainability Manager Di Mauro Group, Mario Gioelli, Plant Manager Sublitex <\/strong>e<strong> Neni Rossini, Presidente Sit Group.<\/strong> Tavola rotonda che \u00e8 stata occasione per presentare in anteprima la <strong>nuova pubblicazione<\/strong> curata dal Gruppo Rotocalco, <strong>\u201cRotocalco: una tecnologia, molti mercati\u201d<\/strong>, focalizzata sul porre in risalto le molteplici applicazioni della tecnologia roto, con le testimonianze di coloro che utilizzano questa tecnologia e sanno evidenziarne valore e qualit\u00e0. A chiudere la mattinata, i fornitori di tecnologia, con <strong>Jonathan Giubilato, Product line Manager BOBST<\/strong>, <strong>Francesco Lettieri, Sales Manager Rossini SpA <\/strong>e<strong> Andrea Caselli, Southern Europe Sales Manager &amp; Product Marketing Coordinator Uteco Converting<\/strong> ad approfondire i mercati applicativi di maggiore interesse, ma soprattutto le nuove soluzioni tecnologiche in risposta alle esigenze di converter e brand, e l\u2019importanza della collaborazione tra player di filiera gi\u00e0 nelle fasi di Ricerca e Sviluppo.<\/p>\n<p>La sessione pomeridiana ha preso il via con il prezioso contributo di <strong>Jan \u2018t Hart, Project Manager AIM<\/strong> e il progetto Update Holygrail 2.0, sulla digitalizzazione della gestione dei rifiuti attraverso la tecnologia Watermark, con l\u2019obiettivo ultimo di una sempre maggiore economia circolare degli imballaggi<strong>. Elena Piccinelli, Caporedattrice Converting Magazine<\/strong> ha discusso con <strong>Felice Ursino, Innovation &amp; QA Director Sacchital Group<\/strong> e <strong>Osvaldo Bosetti, Plant Director Europe Goglio Group <\/strong>di materiali innovativi e futuro sostenibile, guardando alla cornice legislativa entro cui si muove il tema dei nuovi packaging e approfondendo le fasi di progettazione degli imballaggi intorno ai concetti chiave di eco-compatibilit\u00e0, compostabilit\u00e0, e riciclabilit\u00e0. <strong>Michael Fuerholzer, Vice President Kaspar Walter GmbH<\/strong>, ha affrontato la controversa tematica del Cromo Esavalente, partendo dallo stato dell\u2019arte della CTAC Authorization per l\u2019utilizzo di tale sostanza e guardando poi alle nuove soluzioni e le alternative possibili.<\/p>\n<p>La ricca giornata si \u00e8 chiusa con il dibattito tra <strong>Alberto Palaveri, Presidente Giflex<\/strong> e <strong>Gianmatteo Maggioni<\/strong>, in rappresentanza di <strong>ACIMGA<\/strong> sul tema della sostenibilit\u00e0 e dell\u2019economia circolare nelle fasi produttive dell\u2019imballaggio flessibile, sottolineando il valore della filiera in ottica di collaborazione tra player e istituzioni, e presentando l\u2019indice del white paper, nato dal tavolo di lavoro tra le due associazioni, che prender\u00e0 in esame l\u2019intero scenario della produzione del packaging flessibile.<\/p>\n<p>\u00abQuesta terza edizione di Roto4All ha dimostrato ancora una volta quanto la rotocalco italiana sia un riferimento di eccellenza, una tecnologia matura dalle mille attualissime applicazioni e dalla grande dinamicit\u00e0\u2013 afferma Enrico Barboglio, Direttore di ACIMGA. \u2013 L\u2019evento ha riscosso un grande successo, sia in ottica di pubblico presente, sia in termini di contenuti veicolati, e ci\u00f2 \u00e8 senz\u2019altro merito di una community rotocalco coesa, che investe nella collaborazione e nella condivisione di idee, oltre i parametri pi\u00f9 consueti. Collaborazione che accomuna anche la vision del Gruppo Italiano Rotocalco e di ACIMGA in generale, driver di crescita e di nuove interessanti attivit\u00e0, come l\u2019accordo con ERA, la European Rotogravure Association, siglato nel mese di febbraio\u00bb.<\/p>\n<p><span style=\"color: #008000;\"><a style=\"color: #008000;\" href=\"https:\/\/acimga.it\/it\/evento\/roto4all-2023\/\"><em><strong>Riguarda le foto, le presentazioni e il video di Roto4All 2023 sulla pagina dedicata.<\/strong><\/em><\/a><\/span><\/p>\n","protected":false},"excerpt":{"rendered":"<p>Roto4All 2023 \u00e8 andata in scena gioved\u00ec 9 marzo allo Sheraton Milano San Siro, riunendo per la sua terza edizione oltre 250 persone. Dopo la prima edizione streaming del 2020 e la seconda edizione fiorentina del 2021 ancora in una versione pi\u00f9 circoscritta, Roto4All 2023 ha finalmente riunito tutta la community della rotocalco in un [&hellip;]<\/p>\n","protected":false},"author":586,"featured_media":10974,"comment_status":"open","ping_status":"open","sticky":false,"template":"","format":"standard","meta":{"_et_pb_use_builder":"","_et_pb_old_content":"","_et_gb_content_width":"","footnotes":""},"categories":[1,22],"tags":[],"class_list":["post-11031","post","type-post","status-publish","format-standard","has-post-thumbnail","hentry","category-news","category-gruppi-di-specializzazione"],"acf":[],"yoast_head":"<!-- This site is optimized with the Yoast SEO plugin v27.5 - https:\/\/yoast.com\/product\/yoast-seo-wordpress\/ -->\n<title>ROTO4ALL 2023 - RIVIVI L&#039;EVENTO DEL 9 MARZO - Acimga<\/title>\n<meta name=\"robots\" content=\"index, follow, max-snippet:-1, max-image-preview:large, max-video-preview:-1\" \/>\n<link rel=\"canonical\" href=\"https:\/\/acimga.it\/it\/roto4all-2023-rivivi-levento-del-9-marzo\/\" \/>\n<meta property=\"og:locale\" content=\"it_IT\" \/>\n<meta property=\"og:type\" content=\"article\" \/>\n<meta property=\"og:title\" content=\"ROTO4ALL 2023 - RIVIVI L&#039;EVENTO DEL 9 MARZO - Acimga\" \/>\n<meta property=\"og:description\" content=\"Roto4All 2023 \u00e8 andata in scena gioved\u00ec 9 marzo allo Sheraton Milano San Siro, riunendo per la sua terza edizione oltre 250 persone. Dopo la prima edizione streaming del 2020 e la seconda edizione fiorentina del 2021 ancora in una versione pi\u00f9 circoscritta, Roto4All 2023 ha finalmente riunito tutta la community della rotocalco in un [&hellip;]\" \/>\n<meta property=\"og:url\" content=\"https:\/\/acimga.it\/it\/roto4all-2023-rivivi-levento-del-9-marzo\/\" \/>\n<meta property=\"og:site_name\" content=\"Acimga\" \/>\n<meta property=\"article:published_time\" content=\"2023-03-27T09:14:11+00:00\" \/>\n<meta property=\"og:image\" content=\"https:\/\/acimga.it\/wp-content\/uploads\/2023\/03\/Roto4All_2023_Milano-60-1-scaled.jpg\" \/>\n\t<meta property=\"og:image:width\" content=\"2400\" \/>\n\t<meta property=\"og:image:height\" content=\"1600\" \/>\n\t<meta property=\"og:image:type\" content=\"image\/jpeg\" \/>\n<meta name=\"author\" content=\"Gwyn Garrett\" \/>\n<meta name=\"twitter:card\" content=\"summary_large_image\" \/>\n<meta name=\"twitter:creator\" content=\"@Acimga1947\" \/>\n<meta name=\"twitter:site\" content=\"@Acimga1947\" \/>\n<meta name=\"twitter:label1\" content=\"Scritto da\" \/>\n\t<meta name=\"twitter:data1\" content=\"Gwyn Garrett\" \/>\n\t<meta name=\"twitter:label2\" content=\"Tempo di lettura stimato\" \/>\n\t<meta name=\"twitter:data2\" content=\"4 minuti\" \/>\n<script type=\"application\/ld+json\" class=\"yoast-schema-graph\">{\"@context\":\"https:\\\/\\\/schema.org\",\"@graph\":[{\"@type\":\"Article\",\"@id\":\"https:\\\/\\\/acimga.it\\\/it\\\/roto4all-2023-rivivi-levento-del-9-marzo\\\/#article\",\"isPartOf\":{\"@id\":\"https:\\\/\\\/acimga.it\\\/it\\\/roto4all-2023-rivivi-levento-del-9-marzo\\\/\"},\"author\":{\"name\":\"Gwyn Garrett\",\"@id\":\"https:\\\/\\\/acimga.it\\\/it\\\/#\\\/schema\\\/person\\\/e7d66db085dfe21491c14f371f7f8a9a\"},\"headline\":\"ROTO4ALL 2023 &#8211; RIVIVI L&#8217;EVENTO DEL 9 MARZO\",\"datePublished\":\"2023-03-27T09:14:11+00:00\",\"mainEntityOfPage\":{\"@id\":\"https:\\\/\\\/acimga.it\\\/it\\\/roto4all-2023-rivivi-levento-del-9-marzo\\\/\"},\"wordCount\":741,\"commentCount\":0,\"publisher\":{\"@id\":\"https:\\\/\\\/acimga.it\\\/it\\\/#organization\"},\"image\":{\"@id\":\"https:\\\/\\\/acimga.it\\\/it\\\/roto4all-2023-rivivi-levento-del-9-marzo\\\/#primaryimage\"},\"thumbnailUrl\":\"https:\\\/\\\/acimga.it\\\/wp-content\\\/uploads\\\/2023\\\/03\\\/Roto4All_2023_Milano-60-1-scaled.jpg\",\"articleSection\":[\"Comunicazione\",\"Gruppi di specializzazione\"],\"inLanguage\":\"it-IT\",\"potentialAction\":[{\"@type\":\"CommentAction\",\"name\":\"Comment\",\"target\":[\"https:\\\/\\\/acimga.it\\\/it\\\/roto4all-2023-rivivi-levento-del-9-marzo\\\/#respond\"]}]},{\"@type\":\"WebPage\",\"@id\":\"https:\\\/\\\/acimga.it\\\/it\\\/roto4all-2023-rivivi-levento-del-9-marzo\\\/\",\"url\":\"https:\\\/\\\/acimga.it\\\/it\\\/roto4all-2023-rivivi-levento-del-9-marzo\\\/\",\"name\":\"ROTO4ALL 2023 - RIVIVI L'EVENTO DEL 9 MARZO - Acimga\",\"isPartOf\":{\"@id\":\"https:\\\/\\\/acimga.it\\\/it\\\/#website\"},\"primaryImageOfPage\":{\"@id\":\"https:\\\/\\\/acimga.it\\\/it\\\/roto4all-2023-rivivi-levento-del-9-marzo\\\/#primaryimage\"},\"image\":{\"@id\":\"https:\\\/\\\/acimga.it\\\/it\\\/roto4all-2023-rivivi-levento-del-9-marzo\\\/#primaryimage\"},\"thumbnailUrl\":\"https:\\\/\\\/acimga.it\\\/wp-content\\\/uploads\\\/2023\\\/03\\\/Roto4All_2023_Milano-60-1-scaled.jpg\",\"datePublished\":\"2023-03-27T09:14:11+00:00\",\"breadcrumb\":{\"@id\":\"https:\\\/\\\/acimga.it\\\/it\\\/roto4all-2023-rivivi-levento-del-9-marzo\\\/#breadcrumb\"},\"inLanguage\":\"it-IT\",\"potentialAction\":[{\"@type\":\"ReadAction\",\"target\":[\"https:\\\/\\\/acimga.it\\\/it\\\/roto4all-2023-rivivi-levento-del-9-marzo\\\/\"]}]},{\"@type\":\"ImageObject\",\"inLanguage\":\"it-IT\",\"@id\":\"https:\\\/\\\/acimga.it\\\/it\\\/roto4all-2023-rivivi-levento-del-9-marzo\\\/#primaryimage\",\"url\":\"https:\\\/\\\/acimga.it\\\/wp-content\\\/uploads\\\/2023\\\/03\\\/Roto4All_2023_Milano-60-1-scaled.jpg\",\"contentUrl\":\"https:\\\/\\\/acimga.it\\\/wp-content\\\/uploads\\\/2023\\\/03\\\/Roto4All_2023_Milano-60-1-scaled.jpg\",\"width\":2400,\"height\":1600},{\"@type\":\"BreadcrumbList\",\"@id\":\"https:\\\/\\\/acimga.it\\\/it\\\/roto4all-2023-rivivi-levento-del-9-marzo\\\/#breadcrumb\",\"itemListElement\":[{\"@type\":\"ListItem\",\"position\":1,\"name\":\"Home\",\"item\":\"https:\\\/\\\/acimga.it\\\/it\\\/\"},{\"@type\":\"ListItem\",\"position\":2,\"name\":\"ROTO4ALL 2023 &#8211; RIVIVI L&#8217;EVENTO DEL 9 MARZO\"}]},{\"@type\":\"WebSite\",\"@id\":\"https:\\\/\\\/acimga.it\\\/it\\\/#website\",\"url\":\"https:\\\/\\\/acimga.it\\\/it\\\/\",\"name\":\"Acimga\",\"description\":\"Costruttori Italiani di Macchine per l\u2019Industria Grafica, Cartotecnica, Cartaria, di Trasformazione e Affini\",\"publisher\":{\"@id\":\"https:\\\/\\\/acimga.it\\\/it\\\/#organization\"},\"potentialAction\":[{\"@type\":\"SearchAction\",\"target\":{\"@type\":\"EntryPoint\",\"urlTemplate\":\"https:\\\/\\\/acimga.it\\\/it\\\/?s={search_term_string}\"},\"query-input\":{\"@type\":\"PropertyValueSpecification\",\"valueRequired\":true,\"valueName\":\"search_term_string\"}}],\"inLanguage\":\"it-IT\"},{\"@type\":\"Organization\",\"@id\":\"https:\\\/\\\/acimga.it\\\/it\\\/#organization\",\"name\":\"ACIMGA\",\"url\":\"https:\\\/\\\/acimga.it\\\/it\\\/\",\"logo\":{\"@type\":\"ImageObject\",\"inLanguage\":\"it-IT\",\"@id\":\"https:\\\/\\\/acimga.it\\\/it\\\/#\\\/schema\\\/logo\\\/image\\\/\",\"url\":\"https:\\\/\\\/acimga.it\\\/wp-content\\\/uploads\\\/2020\\\/11\\\/logo-payoff.svg\",\"contentUrl\":\"https:\\\/\\\/acimga.it\\\/wp-content\\\/uploads\\\/2020\\\/11\\\/logo-payoff.svg\",\"width\":288,\"height\":80,\"caption\":\"ACIMGA\"},\"image\":{\"@id\":\"https:\\\/\\\/acimga.it\\\/it\\\/#\\\/schema\\\/logo\\\/image\\\/\"},\"sameAs\":[\"https:\\\/\\\/x.com\\\/Acimga1947\",\"https:\\\/\\\/www.linkedin.com\\\/company\\\/acimga?trk=nmp_rec_act_company_photo\",\"https:\\\/\\\/www.youtube.com\\\/channel\\\/UCqzHaOsul8rWTGHSrvq3FUw\\\/videos\"]},{\"@type\":\"Person\",\"@id\":\"https:\\\/\\\/acimga.it\\\/it\\\/#\\\/schema\\\/person\\\/e7d66db085dfe21491c14f371f7f8a9a\",\"name\":\"Gwyn Garrett\",\"image\":{\"@type\":\"ImageObject\",\"inLanguage\":\"it-IT\",\"@id\":\"https:\\\/\\\/secure.gravatar.com\\\/avatar\\\/3aef2eca19bf1643ebeb9a8c157d0f87d1f35cd02b69794dd6130fe56ee6afd0?s=96&d=mm&r=g\",\"url\":\"https:\\\/\\\/secure.gravatar.com\\\/avatar\\\/3aef2eca19bf1643ebeb9a8c157d0f87d1f35cd02b69794dd6130fe56ee6afd0?s=96&d=mm&r=g\",\"contentUrl\":\"https:\\\/\\\/secure.gravatar.com\\\/avatar\\\/3aef2eca19bf1643ebeb9a8c157d0f87d1f35cd02b69794dd6130fe56ee6afd0?s=96&d=mm&r=g\",\"caption\":\"Gwyn Garrett\"},\"url\":\"https:\\\/\\\/acimga.it\\\/it\\\/author\\\/gwynedd\\\/\"}]}<\/script>\n<!-- \/ Yoast SEO plugin. -->","yoast_head_json":{"title":"ROTO4ALL 2023 - RIVIVI L'EVENTO DEL 9 MARZO - Acimga","robots":{"index":"index","follow":"follow","max-snippet":"max-snippet:-1","max-image-preview":"max-image-preview:large","max-video-preview":"max-video-preview:-1"},"canonical":"https:\/\/acimga.it\/it\/roto4all-2023-rivivi-levento-del-9-marzo\/","og_locale":"it_IT","og_type":"article","og_title":"ROTO4ALL 2023 - RIVIVI L'EVENTO DEL 9 MARZO - Acimga","og_description":"Roto4All 2023 \u00e8 andata in scena gioved\u00ec 9 marzo allo Sheraton Milano San Siro, riunendo per la sua terza edizione oltre 250 persone. Dopo la prima edizione streaming del 2020 e la seconda edizione fiorentina del 2021 ancora in una versione pi\u00f9 circoscritta, Roto4All 2023 ha finalmente riunito tutta la community della rotocalco in un [&hellip;]","og_url":"https:\/\/acimga.it\/it\/roto4all-2023-rivivi-levento-del-9-marzo\/","og_site_name":"Acimga","article_published_time":"2023-03-27T09:14:11+00:00","og_image":[{"width":2400,"height":1600,"url":"https:\/\/acimga.it\/wp-content\/uploads\/2023\/03\/Roto4All_2023_Milano-60-1-scaled.jpg","type":"image\/jpeg"}],"author":"Gwyn Garrett","twitter_card":"summary_large_image","twitter_creator":"@Acimga1947","twitter_site":"@Acimga1947","twitter_misc":{"Scritto da":"Gwyn Garrett","Tempo di lettura stimato":"4 minuti"},"schema":{"@context":"https:\/\/schema.org","@graph":[{"@type":"Article","@id":"https:\/\/acimga.it\/it\/roto4all-2023-rivivi-levento-del-9-marzo\/#article","isPartOf":{"@id":"https:\/\/acimga.it\/it\/roto4all-2023-rivivi-levento-del-9-marzo\/"},"author":{"name":"Gwyn Garrett","@id":"https:\/\/acimga.it\/it\/#\/schema\/person\/e7d66db085dfe21491c14f371f7f8a9a"},"headline":"ROTO4ALL 2023 &#8211; RIVIVI L&#8217;EVENTO DEL 9 MARZO","datePublished":"2023-03-27T09:14:11+00:00","mainEntityOfPage":{"@id":"https:\/\/acimga.it\/it\/roto4all-2023-rivivi-levento-del-9-marzo\/"},"wordCount":741,"commentCount":0,"publisher":{"@id":"https:\/\/acimga.it\/it\/#organization"},"image":{"@id":"https:\/\/acimga.it\/it\/roto4all-2023-rivivi-levento-del-9-marzo\/#primaryimage"},"thumbnailUrl":"https:\/\/acimga.it\/wp-content\/uploads\/2023\/03\/Roto4All_2023_Milano-60-1-scaled.jpg","articleSection":["Comunicazione","Gruppi di specializzazione"],"inLanguage":"it-IT","potentialAction":[{"@type":"CommentAction","name":"Comment","target":["https:\/\/acimga.it\/it\/roto4all-2023-rivivi-levento-del-9-marzo\/#respond"]}]},{"@type":"WebPage","@id":"https:\/\/acimga.it\/it\/roto4all-2023-rivivi-levento-del-9-marzo\/","url":"https:\/\/acimga.it\/it\/roto4all-2023-rivivi-levento-del-9-marzo\/","name":"ROTO4ALL 2023 - RIVIVI L'EVENTO DEL 9 MARZO - Acimga","isPartOf":{"@id":"https:\/\/acimga.it\/it\/#website"},"primaryImageOfPage":{"@id":"https:\/\/acimga.it\/it\/roto4all-2023-rivivi-levento-del-9-marzo\/#primaryimage"},"image":{"@id":"https:\/\/acimga.it\/it\/roto4all-2023-rivivi-levento-del-9-marzo\/#primaryimage"},"thumbnailUrl":"https:\/\/acimga.it\/wp-content\/uploads\/2023\/03\/Roto4All_2023_Milano-60-1-scaled.jpg","datePublished":"2023-03-27T09:14:11+00:00","breadcrumb":{"@id":"https:\/\/acimga.it\/it\/roto4all-2023-rivivi-levento-del-9-marzo\/#breadcrumb"},"inLanguage":"it-IT","potentialAction":[{"@type":"ReadAction","target":["https:\/\/acimga.it\/it\/roto4all-2023-rivivi-levento-del-9-marzo\/"]}]},{"@type":"ImageObject","inLanguage":"it-IT","@id":"https:\/\/acimga.it\/it\/roto4all-2023-rivivi-levento-del-9-marzo\/#primaryimage","url":"https:\/\/acimga.it\/wp-content\/uploads\/2023\/03\/Roto4All_2023_Milano-60-1-scaled.jpg","contentUrl":"https:\/\/acimga.it\/wp-content\/uploads\/2023\/03\/Roto4All_2023_Milano-60-1-scaled.jpg","width":2400,"height":1600},{"@type":"BreadcrumbList","@id":"https:\/\/acimga.it\/it\/roto4all-2023-rivivi-levento-del-9-marzo\/#breadcrumb","itemListElement":[{"@type":"ListItem","position":1,"name":"Home","item":"https:\/\/acimga.it\/it\/"},{"@type":"ListItem","position":2,"name":"ROTO4ALL 2023 &#8211; RIVIVI L&#8217;EVENTO DEL 9 MARZO"}]},{"@type":"WebSite","@id":"https:\/\/acimga.it\/it\/#website","url":"https:\/\/acimga.it\/it\/","name":"Acimga","description":"Costruttori Italiani di Macchine per l\u2019Industria Grafica, Cartotecnica, Cartaria, di Trasformazione e Affini","publisher":{"@id":"https:\/\/acimga.it\/it\/#organization"},"potentialAction":[{"@type":"SearchAction","target":{"@type":"EntryPoint","urlTemplate":"https:\/\/acimga.it\/it\/?s={search_term_string}"},"query-input":{"@type":"PropertyValueSpecification","valueRequired":true,"valueName":"search_term_string"}}],"inLanguage":"it-IT"},{"@type":"Organization","@id":"https:\/\/acimga.it\/it\/#organization","name":"ACIMGA","url":"https:\/\/acimga.it\/it\/","logo":{"@type":"ImageObject","inLanguage":"it-IT","@id":"https:\/\/acimga.it\/it\/#\/schema\/logo\/image\/","url":"https:\/\/acimga.it\/wp-content\/uploads\/2020\/11\/logo-payoff.svg","contentUrl":"https:\/\/acimga.it\/wp-content\/uploads\/2020\/11\/logo-payoff.svg","width":288,"height":80,"caption":"ACIMGA"},"image":{"@id":"https:\/\/acimga.it\/it\/#\/schema\/logo\/image\/"},"sameAs":["https:\/\/x.com\/Acimga1947","https:\/\/www.linkedin.com\/company\/acimga?trk=nmp_rec_act_company_photo","https:\/\/www.youtube.com\/channel\/UCqzHaOsul8rWTGHSrvq3FUw\/videos"]},{"@type":"Person","@id":"https:\/\/acimga.it\/it\/#\/schema\/person\/e7d66db085dfe21491c14f371f7f8a9a","name":"Gwyn Garrett","image":{"@type":"ImageObject","inLanguage":"it-IT","@id":"https:\/\/secure.gravatar.com\/avatar\/3aef2eca19bf1643ebeb9a8c157d0f87d1f35cd02b69794dd6130fe56ee6afd0?s=96&d=mm&r=g","url":"https:\/\/secure.gravatar.com\/avatar\/3aef2eca19bf1643ebeb9a8c157d0f87d1f35cd02b69794dd6130fe56ee6afd0?s=96&d=mm&r=g","contentUrl":"https:\/\/secure.gravatar.com\/avatar\/3aef2eca19bf1643ebeb9a8c157d0f87d1f35cd02b69794dd6130fe56ee6afd0?s=96&d=mm&r=g","caption":"Gwyn Garrett"},"url":"https:\/\/acimga.it\/it\/author\/gwynedd\/"}]}},"_links":{"self":[{"href":"https:\/\/acimga.it\/it\/wp-json\/wp\/v2\/posts\/11031","targetHints":{"allow":["GET"]}}],"collection":[{"href":"https:\/\/acimga.it\/it\/wp-json\/wp\/v2\/posts"}],"about":[{"href":"https:\/\/acimga.it\/it\/wp-json\/wp\/v2\/types\/post"}],"author":[{"embeddable":true,"href":"https:\/\/acimga.it\/it\/wp-json\/wp\/v2\/users\/586"}],"replies":[{"embeddable":true,"href":"https:\/\/acimga.it\/it\/wp-json\/wp\/v2\/comments?post=11031"}],"version-history":[{"count":2,"href":"https:\/\/acimga.it\/it\/wp-json\/wp\/v2\/posts\/11031\/revisions"}],"predecessor-version":[{"id":11043,"href":"https:\/\/acimga.it\/it\/wp-json\/wp\/v2\/posts\/11031\/revisions\/11043"}],"wp:featuredmedia":[{"embeddable":true,"href":"https:\/\/acimga.it\/it\/wp-json\/wp\/v2\/media\/10974"}],"wp:attachment":[{"href":"https:\/\/acimga.it\/it\/wp-json\/wp\/v2\/media?parent=11031"}],"wp:term":[{"taxonomy":"category","embeddable":true,"href":"https:\/\/acimga.it\/it\/wp-json\/wp\/v2\/categories?post=11031"},{"taxonomy":"post_tag","embeddable":true,"href":"https:\/\/acimga.it\/it\/wp-json\/wp\/v2\/tags?post=11031"}],"curies":[{"name":"wp","href":"https:\/\/api.w.org\/{rel}","templated":true}]}}