{"id":10282,"date":"2022-10-10T12:25:43","date_gmt":"2022-10-10T12:25:43","guid":{"rendered":"https:\/\/acimga.it\/?p=10282"},"modified":"2022-10-10T12:25:43","modified_gmt":"2022-10-10T12:25:43","slug":"la-federazione-carta-e-grafica-alle-settimane-sri","status":"publish","type":"post","link":"https:\/\/acimga.it\/it\/la-federazione-carta-e-grafica-alle-settimane-sri\/","title":{"rendered":"LA FEDERAZIONE CARTA E GRAFICA ALLE SETTIMANE SRI"},"content":{"rendered":"<p><strong>Il Progetto Sostenibilit\u00e0 della Federazione Carta e Grafica sar\u00e0 fra i protagonisti dell\u2019undicesima edizione delle Settimane SRI.<\/strong><\/p>\n<p><strong>Gioved\u00ec 24 novembre dalle 14.30 alle 15.30 si terr\u00e0 un webinar dedicato al Progetto Sostenibilit\u00e0 della Federazione<\/strong>, e che avr\u00e0 luogo nell\u2019ambito delle Settimane dell\u2019Investimento Sostenibile e Responsabile \u2013 in programma dal 10 al 30 novembre \u2013 promosse e organizzate dal Forum per la Finanza Sostenibile, partner, insieme a BDO, del Progetto della Federazione Carta e Grafica.<\/p>\n<p><a href=\"https:\/\/finanzasostenibile.it\/eventi\/rendicontazione-sostenibilita-progetto-federazione-carta-grafica\/\"><em>Per iscriversi al webinar sul Progetto Sostenibilit\u00e0 cliccare qui. <\/em><\/a><\/p>\n<p><strong>Il Progetto Sostenibilit\u00e0 della Federazione, insieme con lo strumento FpS Tool per implementare la sostenibilit\u00e0 nella strategia aziendale, sar\u00e0 illustrato come esempio di concreta applicazione ad un\u2019intera filiera industriale dei principi di sostenibilit\u00e0 ed economia circolare.<\/strong><\/p>\n<p>Le Settimane SRI rappresentano il principale appuntamento in Italia dedicato all\u2019Investimento Sostenibile e Responsabile (SRI, Sustainable and Responsible Investment): il programma prevede convegni e seminari volti ad approfondire i temi di rilevanza nell\u2019ambito della finanza sostenibile, anche attraverso la presentazione di studi e ricerche.<\/p>\n<p>Dettagli e informazioni sul Progetto Sostenibilit\u00e0 sono sempre <a href=\"https:\/\/federazionecartagrafica.it\/transizione-green\/il-nostro-progetto\/\"><em>disponibili sul sito di Federazione Carta e Grafica, accessibile cliccando qui.\u00a0<\/em><\/a><\/p>\n<p>&nbsp;<\/p>\n","protected":false},"excerpt":{"rendered":"<p>Il Progetto Sostenibilit\u00e0 della Federazione Carta e Grafica sar\u00e0 fra i protagonisti dell\u2019undicesima edizione delle Settimane SRI. Gioved\u00ec 24 novembre dalle 14.30 alle 15.30 si terr\u00e0 un webinar dedicato al Progetto Sostenibilit\u00e0 della Federazione, e che avr\u00e0 luogo nell\u2019ambito delle Settimane dell\u2019Investimento Sostenibile e Responsabile \u2013 in programma dal 10 al 30 novembre \u2013 promosse [&hellip;]<\/p>\n","protected":false},"author":586,"featured_media":10283,"comment_status":"open","ping_status":"open","sticky":false,"template":"","format":"standard","meta":{"_et_pb_use_builder":"off","_et_pb_old_content":"","_et_gb_content_width":"","footnotes":""},"categories":[1],"tags":[],"class_list":["post-10282","post","type-post","status-publish","format-standard","has-post-thumbnail","hentry","category-news"],"acf":[],"yoast_head":"<!-- This site is optimized with the Yoast SEO plugin v27.5 - https:\/\/yoast.com\/product\/yoast-seo-wordpress\/ -->\n<title>LA FEDERAZIONE CARTA E GRAFICA ALLE SETTIMANE SRI - Acimga<\/title>\n<meta name=\"robots\" content=\"index, follow, max-snippet:-1, max-image-preview:large, max-video-preview:-1\" \/>\n<link rel=\"canonical\" href=\"https:\/\/acimga.it\/it\/la-federazione-carta-e-grafica-alle-settimane-sri\/\" \/>\n<meta property=\"og:locale\" content=\"it_IT\" \/>\n<meta property=\"og:type\" content=\"article\" \/>\n<meta property=\"og:title\" content=\"LA FEDERAZIONE CARTA E GRAFICA ALLE SETTIMANE SRI - Acimga\" \/>\n<meta property=\"og:description\" content=\"Il Progetto Sostenibilit\u00e0 della Federazione Carta e Grafica sar\u00e0 fra i protagonisti dell\u2019undicesima edizione delle Settimane SRI. Gioved\u00ec 24 novembre dalle 14.30 alle 15.30 si terr\u00e0 un webinar dedicato al Progetto Sostenibilit\u00e0 della Federazione, e che avr\u00e0 luogo nell\u2019ambito delle Settimane dell\u2019Investimento Sostenibile e Responsabile \u2013 in programma dal 10 al 30 novembre \u2013 promosse [&hellip;]\" \/>\n<meta property=\"og:url\" content=\"https:\/\/acimga.it\/it\/la-federazione-carta-e-grafica-alle-settimane-sri\/\" \/>\n<meta property=\"og:site_name\" content=\"Acimga\" \/>\n<meta property=\"article:published_time\" content=\"2022-10-10T12:25:43+00:00\" \/>\n<meta property=\"og:image\" content=\"https:\/\/acimga.it\/wp-content\/uploads\/2022\/10\/SETT-SRI-PER-SITO.png\" \/>\n\t<meta property=\"og:image:width\" content=\"1100\" \/>\n\t<meta property=\"og:image:height\" content=\"900\" \/>\n\t<meta property=\"og:image:type\" content=\"image\/png\" \/>\n<meta name=\"author\" content=\"Gwyn Garrett\" \/>\n<meta name=\"twitter:card\" content=\"summary_large_image\" \/>\n<meta name=\"twitter:creator\" content=\"@Acimga1947\" \/>\n<meta name=\"twitter:site\" content=\"@Acimga1947\" \/>\n<meta name=\"twitter:label1\" content=\"Scritto da\" \/>\n\t<meta name=\"twitter:data1\" content=\"Gwyn Garrett\" \/>\n\t<meta name=\"twitter:label2\" content=\"Tempo di lettura stimato\" \/>\n\t<meta name=\"twitter:data2\" content=\"1 minuto\" \/>\n<script type=\"application\/ld+json\" class=\"yoast-schema-graph\">{\"@context\":\"https:\\\/\\\/schema.org\",\"@graph\":[{\"@type\":\"Article\",\"@id\":\"https:\\\/\\\/acimga.it\\\/it\\\/la-federazione-carta-e-grafica-alle-settimane-sri\\\/#article\",\"isPartOf\":{\"@id\":\"https:\\\/\\\/acimga.it\\\/it\\\/la-federazione-carta-e-grafica-alle-settimane-sri\\\/\"},\"author\":{\"name\":\"Gwyn Garrett\",\"@id\":\"https:\\\/\\\/acimga.it\\\/it\\\/#\\\/schema\\\/person\\\/e7d66db085dfe21491c14f371f7f8a9a\"},\"headline\":\"LA FEDERAZIONE CARTA E GRAFICA ALLE SETTIMANE SRI\",\"datePublished\":\"2022-10-10T12:25:43+00:00\",\"mainEntityOfPage\":{\"@id\":\"https:\\\/\\\/acimga.it\\\/it\\\/la-federazione-carta-e-grafica-alle-settimane-sri\\\/\"},\"wordCount\":190,\"commentCount\":0,\"publisher\":{\"@id\":\"https:\\\/\\\/acimga.it\\\/it\\\/#organization\"},\"image\":{\"@id\":\"https:\\\/\\\/acimga.it\\\/it\\\/la-federazione-carta-e-grafica-alle-settimane-sri\\\/#primaryimage\"},\"thumbnailUrl\":\"https:\\\/\\\/acimga.it\\\/wp-content\\\/uploads\\\/2022\\\/10\\\/SETT-SRI-PER-SITO.png\",\"articleSection\":[\"Comunicazione\"],\"inLanguage\":\"it-IT\",\"potentialAction\":[{\"@type\":\"CommentAction\",\"name\":\"Comment\",\"target\":[\"https:\\\/\\\/acimga.it\\\/it\\\/la-federazione-carta-e-grafica-alle-settimane-sri\\\/#respond\"]}]},{\"@type\":\"WebPage\",\"@id\":\"https:\\\/\\\/acimga.it\\\/it\\\/la-federazione-carta-e-grafica-alle-settimane-sri\\\/\",\"url\":\"https:\\\/\\\/acimga.it\\\/it\\\/la-federazione-carta-e-grafica-alle-settimane-sri\\\/\",\"name\":\"LA FEDERAZIONE CARTA E GRAFICA ALLE SETTIMANE SRI - Acimga\",\"isPartOf\":{\"@id\":\"https:\\\/\\\/acimga.it\\\/it\\\/#website\"},\"primaryImageOfPage\":{\"@id\":\"https:\\\/\\\/acimga.it\\\/it\\\/la-federazione-carta-e-grafica-alle-settimane-sri\\\/#primaryimage\"},\"image\":{\"@id\":\"https:\\\/\\\/acimga.it\\\/it\\\/la-federazione-carta-e-grafica-alle-settimane-sri\\\/#primaryimage\"},\"thumbnailUrl\":\"https:\\\/\\\/acimga.it\\\/wp-content\\\/uploads\\\/2022\\\/10\\\/SETT-SRI-PER-SITO.png\",\"datePublished\":\"2022-10-10T12:25:43+00:00\",\"breadcrumb\":{\"@id\":\"https:\\\/\\\/acimga.it\\\/it\\\/la-federazione-carta-e-grafica-alle-settimane-sri\\\/#breadcrumb\"},\"inLanguage\":\"it-IT\",\"potentialAction\":[{\"@type\":\"ReadAction\",\"target\":[\"https:\\\/\\\/acimga.it\\\/it\\\/la-federazione-carta-e-grafica-alle-settimane-sri\\\/\"]}]},{\"@type\":\"ImageObject\",\"inLanguage\":\"it-IT\",\"@id\":\"https:\\\/\\\/acimga.it\\\/it\\\/la-federazione-carta-e-grafica-alle-settimane-sri\\\/#primaryimage\",\"url\":\"https:\\\/\\\/acimga.it\\\/wp-content\\\/uploads\\\/2022\\\/10\\\/SETT-SRI-PER-SITO.png\",\"contentUrl\":\"https:\\\/\\\/acimga.it\\\/wp-content\\\/uploads\\\/2022\\\/10\\\/SETT-SRI-PER-SITO.png\",\"width\":1100,\"height\":900},{\"@type\":\"BreadcrumbList\",\"@id\":\"https:\\\/\\\/acimga.it\\\/it\\\/la-federazione-carta-e-grafica-alle-settimane-sri\\\/#breadcrumb\",\"itemListElement\":[{\"@type\":\"ListItem\",\"position\":1,\"name\":\"Home\",\"item\":\"https:\\\/\\\/acimga.it\\\/it\\\/\"},{\"@type\":\"ListItem\",\"position\":2,\"name\":\"LA FEDERAZIONE CARTA E GRAFICA ALLE SETTIMANE SRI\"}]},{\"@type\":\"WebSite\",\"@id\":\"https:\\\/\\\/acimga.it\\\/it\\\/#website\",\"url\":\"https:\\\/\\\/acimga.it\\\/it\\\/\",\"name\":\"Acimga\",\"description\":\"Costruttori Italiani di Macchine per l\u2019Industria Grafica, Cartotecnica, Cartaria, di Trasformazione e Affini\",\"publisher\":{\"@id\":\"https:\\\/\\\/acimga.it\\\/it\\\/#organization\"},\"potentialAction\":[{\"@type\":\"SearchAction\",\"target\":{\"@type\":\"EntryPoint\",\"urlTemplate\":\"https:\\\/\\\/acimga.it\\\/it\\\/?s={search_term_string}\"},\"query-input\":{\"@type\":\"PropertyValueSpecification\",\"valueRequired\":true,\"valueName\":\"search_term_string\"}}],\"inLanguage\":\"it-IT\"},{\"@type\":\"Organization\",\"@id\":\"https:\\\/\\\/acimga.it\\\/it\\\/#organization\",\"name\":\"ACIMGA\",\"url\":\"https:\\\/\\\/acimga.it\\\/it\\\/\",\"logo\":{\"@type\":\"ImageObject\",\"inLanguage\":\"it-IT\",\"@id\":\"https:\\\/\\\/acimga.it\\\/it\\\/#\\\/schema\\\/logo\\\/image\\\/\",\"url\":\"https:\\\/\\\/acimga.it\\\/wp-content\\\/uploads\\\/2020\\\/11\\\/logo-payoff.svg\",\"contentUrl\":\"https:\\\/\\\/acimga.it\\\/wp-content\\\/uploads\\\/2020\\\/11\\\/logo-payoff.svg\",\"width\":288,\"height\":80,\"caption\":\"ACIMGA\"},\"image\":{\"@id\":\"https:\\\/\\\/acimga.it\\\/it\\\/#\\\/schema\\\/logo\\\/image\\\/\"},\"sameAs\":[\"https:\\\/\\\/x.com\\\/Acimga1947\",\"https:\\\/\\\/www.linkedin.com\\\/company\\\/acimga?trk=nmp_rec_act_company_photo\",\"https:\\\/\\\/www.youtube.com\\\/channel\\\/UCqzHaOsul8rWTGHSrvq3FUw\\\/videos\"]},{\"@type\":\"Person\",\"@id\":\"https:\\\/\\\/acimga.it\\\/it\\\/#\\\/schema\\\/person\\\/e7d66db085dfe21491c14f371f7f8a9a\",\"name\":\"Gwyn Garrett\",\"image\":{\"@type\":\"ImageObject\",\"inLanguage\":\"it-IT\",\"@id\":\"https:\\\/\\\/secure.gravatar.com\\\/avatar\\\/3aef2eca19bf1643ebeb9a8c157d0f87d1f35cd02b69794dd6130fe56ee6afd0?s=96&d=mm&r=g\",\"url\":\"https:\\\/\\\/secure.gravatar.com\\\/avatar\\\/3aef2eca19bf1643ebeb9a8c157d0f87d1f35cd02b69794dd6130fe56ee6afd0?s=96&d=mm&r=g\",\"contentUrl\":\"https:\\\/\\\/secure.gravatar.com\\\/avatar\\\/3aef2eca19bf1643ebeb9a8c157d0f87d1f35cd02b69794dd6130fe56ee6afd0?s=96&d=mm&r=g\",\"caption\":\"Gwyn Garrett\"},\"url\":\"https:\\\/\\\/acimga.it\\\/it\\\/author\\\/gwynedd\\\/\"}]}<\/script>\n<!-- \/ Yoast SEO plugin. -->","yoast_head_json":{"title":"LA FEDERAZIONE CARTA E GRAFICA ALLE SETTIMANE SRI - Acimga","robots":{"index":"index","follow":"follow","max-snippet":"max-snippet:-1","max-image-preview":"max-image-preview:large","max-video-preview":"max-video-preview:-1"},"canonical":"https:\/\/acimga.it\/it\/la-federazione-carta-e-grafica-alle-settimane-sri\/","og_locale":"it_IT","og_type":"article","og_title":"LA FEDERAZIONE CARTA E GRAFICA ALLE SETTIMANE SRI - Acimga","og_description":"Il Progetto Sostenibilit\u00e0 della Federazione Carta e Grafica sar\u00e0 fra i protagonisti dell\u2019undicesima edizione delle Settimane SRI. Gioved\u00ec 24 novembre dalle 14.30 alle 15.30 si terr\u00e0 un webinar dedicato al Progetto Sostenibilit\u00e0 della Federazione, e che avr\u00e0 luogo nell\u2019ambito delle Settimane dell\u2019Investimento Sostenibile e Responsabile \u2013 in programma dal 10 al 30 novembre \u2013 promosse [&hellip;]","og_url":"https:\/\/acimga.it\/it\/la-federazione-carta-e-grafica-alle-settimane-sri\/","og_site_name":"Acimga","article_published_time":"2022-10-10T12:25:43+00:00","og_image":[{"width":1100,"height":900,"url":"https:\/\/acimga.it\/wp-content\/uploads\/2022\/10\/SETT-SRI-PER-SITO.png","type":"image\/png"}],"author":"Gwyn Garrett","twitter_card":"summary_large_image","twitter_creator":"@Acimga1947","twitter_site":"@Acimga1947","twitter_misc":{"Scritto da":"Gwyn Garrett","Tempo di lettura stimato":"1 minuto"},"schema":{"@context":"https:\/\/schema.org","@graph":[{"@type":"Article","@id":"https:\/\/acimga.it\/it\/la-federazione-carta-e-grafica-alle-settimane-sri\/#article","isPartOf":{"@id":"https:\/\/acimga.it\/it\/la-federazione-carta-e-grafica-alle-settimane-sri\/"},"author":{"name":"Gwyn Garrett","@id":"https:\/\/acimga.it\/it\/#\/schema\/person\/e7d66db085dfe21491c14f371f7f8a9a"},"headline":"LA FEDERAZIONE CARTA E GRAFICA ALLE SETTIMANE SRI","datePublished":"2022-10-10T12:25:43+00:00","mainEntityOfPage":{"@id":"https:\/\/acimga.it\/it\/la-federazione-carta-e-grafica-alle-settimane-sri\/"},"wordCount":190,"commentCount":0,"publisher":{"@id":"https:\/\/acimga.it\/it\/#organization"},"image":{"@id":"https:\/\/acimga.it\/it\/la-federazione-carta-e-grafica-alle-settimane-sri\/#primaryimage"},"thumbnailUrl":"https:\/\/acimga.it\/wp-content\/uploads\/2022\/10\/SETT-SRI-PER-SITO.png","articleSection":["Comunicazione"],"inLanguage":"it-IT","potentialAction":[{"@type":"CommentAction","name":"Comment","target":["https:\/\/acimga.it\/it\/la-federazione-carta-e-grafica-alle-settimane-sri\/#respond"]}]},{"@type":"WebPage","@id":"https:\/\/acimga.it\/it\/la-federazione-carta-e-grafica-alle-settimane-sri\/","url":"https:\/\/acimga.it\/it\/la-federazione-carta-e-grafica-alle-settimane-sri\/","name":"LA FEDERAZIONE CARTA E GRAFICA ALLE SETTIMANE SRI - Acimga","isPartOf":{"@id":"https:\/\/acimga.it\/it\/#website"},"primaryImageOfPage":{"@id":"https:\/\/acimga.it\/it\/la-federazione-carta-e-grafica-alle-settimane-sri\/#primaryimage"},"image":{"@id":"https:\/\/acimga.it\/it\/la-federazione-carta-e-grafica-alle-settimane-sri\/#primaryimage"},"thumbnailUrl":"https:\/\/acimga.it\/wp-content\/uploads\/2022\/10\/SETT-SRI-PER-SITO.png","datePublished":"2022-10-10T12:25:43+00:00","breadcrumb":{"@id":"https:\/\/acimga.it\/it\/la-federazione-carta-e-grafica-alle-settimane-sri\/#breadcrumb"},"inLanguage":"it-IT","potentialAction":[{"@type":"ReadAction","target":["https:\/\/acimga.it\/it\/la-federazione-carta-e-grafica-alle-settimane-sri\/"]}]},{"@type":"ImageObject","inLanguage":"it-IT","@id":"https:\/\/acimga.it\/it\/la-federazione-carta-e-grafica-alle-settimane-sri\/#primaryimage","url":"https:\/\/acimga.it\/wp-content\/uploads\/2022\/10\/SETT-SRI-PER-SITO.png","contentUrl":"https:\/\/acimga.it\/wp-content\/uploads\/2022\/10\/SETT-SRI-PER-SITO.png","width":1100,"height":900},{"@type":"BreadcrumbList","@id":"https:\/\/acimga.it\/it\/la-federazione-carta-e-grafica-alle-settimane-sri\/#breadcrumb","itemListElement":[{"@type":"ListItem","position":1,"name":"Home","item":"https:\/\/acimga.it\/it\/"},{"@type":"ListItem","position":2,"name":"LA FEDERAZIONE CARTA E GRAFICA ALLE SETTIMANE SRI"}]},{"@type":"WebSite","@id":"https:\/\/acimga.it\/it\/#website","url":"https:\/\/acimga.it\/it\/","name":"Acimga","description":"Costruttori Italiani di Macchine per l\u2019Industria Grafica, Cartotecnica, Cartaria, di Trasformazione e Affini","publisher":{"@id":"https:\/\/acimga.it\/it\/#organization"},"potentialAction":[{"@type":"SearchAction","target":{"@type":"EntryPoint","urlTemplate":"https:\/\/acimga.it\/it\/?s={search_term_string}"},"query-input":{"@type":"PropertyValueSpecification","valueRequired":true,"valueName":"search_term_string"}}],"inLanguage":"it-IT"},{"@type":"Organization","@id":"https:\/\/acimga.it\/it\/#organization","name":"ACIMGA","url":"https:\/\/acimga.it\/it\/","logo":{"@type":"ImageObject","inLanguage":"it-IT","@id":"https:\/\/acimga.it\/it\/#\/schema\/logo\/image\/","url":"https:\/\/acimga.it\/wp-content\/uploads\/2020\/11\/logo-payoff.svg","contentUrl":"https:\/\/acimga.it\/wp-content\/uploads\/2020\/11\/logo-payoff.svg","width":288,"height":80,"caption":"ACIMGA"},"image":{"@id":"https:\/\/acimga.it\/it\/#\/schema\/logo\/image\/"},"sameAs":["https:\/\/x.com\/Acimga1947","https:\/\/www.linkedin.com\/company\/acimga?trk=nmp_rec_act_company_photo","https:\/\/www.youtube.com\/channel\/UCqzHaOsul8rWTGHSrvq3FUw\/videos"]},{"@type":"Person","@id":"https:\/\/acimga.it\/it\/#\/schema\/person\/e7d66db085dfe21491c14f371f7f8a9a","name":"Gwyn Garrett","image":{"@type":"ImageObject","inLanguage":"it-IT","@id":"https:\/\/secure.gravatar.com\/avatar\/3aef2eca19bf1643ebeb9a8c157d0f87d1f35cd02b69794dd6130fe56ee6afd0?s=96&d=mm&r=g","url":"https:\/\/secure.gravatar.com\/avatar\/3aef2eca19bf1643ebeb9a8c157d0f87d1f35cd02b69794dd6130fe56ee6afd0?s=96&d=mm&r=g","contentUrl":"https:\/\/secure.gravatar.com\/avatar\/3aef2eca19bf1643ebeb9a8c157d0f87d1f35cd02b69794dd6130fe56ee6afd0?s=96&d=mm&r=g","caption":"Gwyn Garrett"},"url":"https:\/\/acimga.it\/it\/author\/gwynedd\/"}]}},"_links":{"self":[{"href":"https:\/\/acimga.it\/it\/wp-json\/wp\/v2\/posts\/10282","targetHints":{"allow":["GET"]}}],"collection":[{"href":"https:\/\/acimga.it\/it\/wp-json\/wp\/v2\/posts"}],"about":[{"href":"https:\/\/acimga.it\/it\/wp-json\/wp\/v2\/types\/post"}],"author":[{"embeddable":true,"href":"https:\/\/acimga.it\/it\/wp-json\/wp\/v2\/users\/586"}],"replies":[{"embeddable":true,"href":"https:\/\/acimga.it\/it\/wp-json\/wp\/v2\/comments?post=10282"}],"version-history":[{"count":3,"href":"https:\/\/acimga.it\/it\/wp-json\/wp\/v2\/posts\/10282\/revisions"}],"predecessor-version":[{"id":10336,"href":"https:\/\/acimga.it\/it\/wp-json\/wp\/v2\/posts\/10282\/revisions\/10336"}],"wp:featuredmedia":[{"embeddable":true,"href":"https:\/\/acimga.it\/it\/wp-json\/wp\/v2\/media\/10283"}],"wp:attachment":[{"href":"https:\/\/acimga.it\/it\/wp-json\/wp\/v2\/media?parent=10282"}],"wp:term":[{"taxonomy":"category","embeddable":true,"href":"https:\/\/acimga.it\/it\/wp-json\/wp\/v2\/categories?post=10282"},{"taxonomy":"post_tag","embeddable":true,"href":"https:\/\/acimga.it\/it\/wp-json\/wp\/v2\/tags?post=10282"}],"curies":[{"name":"wp","href":"https:\/\/api.w.org\/{rel}","templated":true}]}}